{"id":23817,"date":"2014-11-14T08:09:57","date_gmt":"2014-11-14T11:09:57","guid":{"rendered":"http:\/\/www.cordobatimes.com\/deportes\/?p=23817"},"modified":"2014-11-14T08:09:57","modified_gmt":"2014-11-14T11:09:57","slug":"lucas-bernardi-anuncio-su-retiro-del-futbol","status":"publish","type":"post","link":"https:\/\/www.cordobatimes.com\/deportes\/futbol\/2014\/11\/14\/lucas-bernardi-anuncio-su-retiro-del-futbol\/","title":{"rendered":"Lucas Bernardi anunci\u00f3 su retiro del f\u00fatbol"},"content":{"rendered":"<h3><strong><a href=\"http:\/\/www.cordobatimes.com\/deportes\/wp-content\/uploads\/2014\/11\/Bernardi.jpg\"><img loading=\"lazy\" decoding=\"async\" class=\"size-full wp-image-23818 aligncenter\" alt=\"Bernardi\" src=\"http:\/\/www.cordobatimes.com\/deportes\/wp-content\/uploads\/2014\/11\/Bernardi.jpg\" width=\"579\" height=\"280\" data-id=\"23818\" srcset=\"https:\/\/www.cordobatimes.com\/deportes\/wp-content\/uploads\/2014\/11\/Bernardi.jpg 579w, https:\/\/www.cordobatimes.com\/deportes\/wp-content\/uploads\/2014\/11\/Bernardi-300x145.jpg 300w\" sizes=\"auto, (max-width: 579px) 100vw, 579px\" \/><\/a><\/strong><\/h3>\n<h3 style=\"text-align: justify;\"><strong>El mediocampista de Newell&#8217;s Old Boys comunic\u00f3, a trav\u00e9s de una carta, que dejar\u00e1 la actividad profesional luego del presente campeonato de Primera Divisi\u00f3n, d\u00edas antes de cumplirse 18 a\u00f1os desde su debut.<\/strong><\/h3>\n<p style=\"text-align: justify;\">\n<p style=\"text-align: justify;\">Uno de los jugadores m\u00e1s queridos y destacados de la Lepra colgar\u00e1 los botines. Bernardi, con 37 a\u00f1os y pasos por los equipos franceses M\u00f3naco y Olympique de Marsella, dir\u00e1 adi\u00f3s disputando su partido n\u00famero 298, todo un s\u00edmbolo de lo que representa para la instituci\u00f3n del Parque Independencia.<\/p>\n<p style=\"text-align: justify;\">El jugador lo hizo p\u00fablico a trav\u00e9s de una emotiva carta:<\/p>\n<p style=\"text-align: justify;\">&#8220;Jugar a la pelota, entrar a la cancha con la camiseta que amo y llegar a ser capit\u00e1n. A m\u00ed se me cumpli\u00f3 y hoy toca tomar la decisi\u00f3n de vivir el sue\u00f1o final. Volv\u00ed a mi querido Newells Old Boys en un momento dif\u00edcil, para dar una mano y devolver un poco de lo mucho que esta camiseta me dio\u201d.<\/p>\n<p style=\"text-align: justify;\">\u201cHe pasado algunos momentos dif\u00edciles pero pudimos salir adelante y gracias a todos, un d\u00eda entr\u00e9 a la cancha con mis hijas a dar la vuelta ol\u00edmpica. Con car\u00e1cter y convicci\u00f3n, siempre intent\u00e9 cumplir el compromiso de dejarlo todo por poner a nuestro club en el lugar m\u00e1s alto. Contra Lan\u00fas, en el Coloso, voy a jugar mi \u00faltimo partido de f\u00fatbol profesional. En casa, el 298 con la camiseta que llevo en el coraz\u00f3n, no puedo pedir m\u00e1s\u201d.<\/p>\n<p style=\"text-align: justify;\">\u201cGracias de coraz\u00f3n por permitirme llegar hasta ac\u00e1. Con esas palabras que nos identifican, orgullo y gloria, resumo lo que siento hoy&#8221;.<\/p>\n","protected":false},"excerpt":{"rendered":"<p>El mediocampista de Newell&#8217;s Old Boys comunic\u00f3, a trav\u00e9s de una carta, que dejar\u00e1 la actividad profesional luego del presente campeonato de Primera Divisi\u00f3n, d\u00edas antes de cumplirse 18 a\u00f1os desde su debut. Uno de los jugadores m\u00e1s queridos y destacados de la Lepra colgar\u00e1 los botines. Bernardi, con 37 a\u00f1os y pasos por los [&hellip;]<\/p>\n","protected":false},"author":2,"featured_media":23818,"comment_status":"closed","ping_status":"closed","sticky":false,"template":"","format":"standard","meta":{"_seopress_robots_primary_cat":"","_seopress_titles_title":"","_seopress_titles_desc":"","_seopress_robots_index":"","footnotes":""},"categories":[2,16],"tags":[33,3374,1976,51,182],"class_list":["post-23817","post","type-post","status-publish","format-standard","has-post-thumbnail","hentry","category-futbol","category-primera-division","tag-afa","tag-carta","tag-lucas-bernardi","tag-newells","tag-retiro-del-futbol"],"_links":{"self":[{"href":"https:\/\/www.cordobatimes.com\/deportes\/wp-json\/wp\/v2\/posts\/23817","targetHints":{"allow":["GET"]}}],"collection":[{"href":"https:\/\/www.cordobatimes.com\/deportes\/wp-json\/wp\/v2\/posts"}],"about":[{"href":"https:\/\/www.cordobatimes.com\/deportes\/wp-json\/wp\/v2\/types\/post"}],"author":[{"embeddable":true,"href":"https:\/\/www.cordobatimes.com\/deportes\/wp-json\/wp\/v2\/users\/2"}],"replies":[{"embeddable":true,"href":"https:\/\/www.cordobatimes.com\/deportes\/wp-json\/wp\/v2\/comments?post=23817"}],"version-history":[{"count":0,"href":"https:\/\/www.cordobatimes.com\/deportes\/wp-json\/wp\/v2\/posts\/23817\/revisions"}],"wp:featuredmedia":[{"embeddable":true,"href":"https:\/\/www.cordobatimes.com\/deportes\/wp-json\/wp\/v2\/media\/23818"}],"wp:attachment":[{"href":"https:\/\/www.cordobatimes.com\/deportes\/wp-json\/wp\/v2\/media?parent=23817"}],"wp:term":[{"taxonomy":"category","embeddable":true,"href":"https:\/\/www.cordobatimes.com\/deportes\/wp-json\/wp\/v2\/categories?post=23817"},{"taxonomy":"post_tag","embeddable":true,"href":"https:\/\/www.cordobatimes.com\/deportes\/wp-json\/wp\/v2\/tags?post=23817"}],"curies":[{"name":"wp","href":"https:\/\/api.w.org\/{rel}","templated":true}]}}