{"id":23814,"date":"2014-11-14T07:51:02","date_gmt":"2014-11-14T10:51:02","guid":{"rendered":"http:\/\/www.cordobatimes.com\/deportes\/?p=23814"},"modified":"2014-11-14T07:51:02","modified_gmt":"2014-11-14T10:51:02","slug":"mostaza-merlo-es-nuevo-dt-de-colon","status":"publish","type":"post","link":"https:\/\/www.cordobatimes.com\/deportes\/futbol\/2014\/11\/14\/mostaza-merlo-es-nuevo-dt-de-colon\/","title":{"rendered":"Mostaza Merlo es nuevo DT de Col\u00f3n"},"content":{"rendered":"<h3 style=\"text-align: justify;\"><strong><a href=\"http:\/\/www.cordobatimes.com\/deportes\/wp-content\/uploads\/2014\/11\/Mostaza.jpg\"><img loading=\"lazy\" decoding=\"async\" class=\"size-full wp-image-23815 aligncenter\" alt=\"Mostaza\" src=\"http:\/\/www.cordobatimes.com\/deportes\/wp-content\/uploads\/2014\/11\/Mostaza.jpg\" width=\"770\" height=\"433\" data-id=\"23815\" srcset=\"https:\/\/www.cordobatimes.com\/deportes\/wp-content\/uploads\/2014\/11\/Mostaza.jpg 770w, https:\/\/www.cordobatimes.com\/deportes\/wp-content\/uploads\/2014\/11\/Mostaza-300x168.jpg 300w\" sizes=\"auto, (max-width: 770px) 100vw, 770px\" \/><\/a><\/strong><\/h3>\n<h3 style=\"text-align: justify;\"><strong>El reconocido entrenador, de \u00faltimo paso por Douglas Haig de Pergamino, se har\u00e1 cargo del Sabalero hasta el final del campeonato de la B Nacional. Reemplazar\u00e1 a Diego Osella, quien renunci\u00f3 debido a algunos resultados adversos.<\/strong><\/h3>\n<p style=\"text-align: justify;\">\n<p style=\"text-align: justify;\">Reinaldo Carlos Merlo tendr\u00e1 una nueva chance en el f\u00fatbol profesional. Esta vez volver\u00e1 a ser en la segunda categor\u00eda, al frente de Col\u00f3n de Santa Fe. El ex Racing firmar\u00e1 este mismo viernes y se pondr\u00e1 a cargo del plantel, algo golpeado por la derrota del \u00faltimo fin de semana que precipit\u00f3 la salida de Osella.<\/p>\n<p style=\"text-align: justify;\">El Sabalero se encuentra actualmente en la cuarta posici\u00f3n de la zona y, por el momento, estar\u00eda ascendiendo a la Primera Divisi\u00f3n. En la decimonovena jornada, con el debut de Mostaza, enfrentar\u00e1 a uno de los mejores equipos del certamen, San Mart\u00edn de San Juan, en un duelo muy importante para mantenerse en el lote de arriba.<\/p>\n","protected":false},"excerpt":{"rendered":"<p>El reconocido entrenador, de \u00faltimo paso por Douglas Haig de Pergamino, se har\u00e1 cargo del Sabalero hasta el final del campeonato de la B Nacional. Reemplazar\u00e1 a Diego Osella, quien renunci\u00f3 debido a algunos resultados adversos. Reinaldo Carlos Merlo tendr\u00e1 una nueva chance en el f\u00fatbol profesional. Esta vez volver\u00e1 a ser en la segunda [&hellip;]<\/p>\n","protected":false},"author":2,"featured_media":23815,"comment_status":"closed","ping_status":"closed","sticky":false,"template":"","format":"standard","meta":{"_seopress_robots_primary_cat":"","_seopress_titles_title":"","_seopress_titles_desc":"","_seopress_robots_index":"","footnotes":""},"categories":[2],"tags":[33,514,1040,103,4393,1245],"class_list":["post-23814","post","type-post","status-publish","format-standard","has-post-thumbnail","hentry","category-futbol","tag-afa","tag-colon-de-santa-fe","tag-dt","tag-mostaza-merlo","tag-nuevo-entrenenador-de-colon-de-santa-fe","tag-sabalero"],"_links":{"self":[{"href":"https:\/\/www.cordobatimes.com\/deportes\/wp-json\/wp\/v2\/posts\/23814","targetHints":{"allow":["GET"]}}],"collection":[{"href":"https:\/\/www.cordobatimes.com\/deportes\/wp-json\/wp\/v2\/posts"}],"about":[{"href":"https:\/\/www.cordobatimes.com\/deportes\/wp-json\/wp\/v2\/types\/post"}],"author":[{"embeddable":true,"href":"https:\/\/www.cordobatimes.com\/deportes\/wp-json\/wp\/v2\/users\/2"}],"replies":[{"embeddable":true,"href":"https:\/\/www.cordobatimes.com\/deportes\/wp-json\/wp\/v2\/comments?post=23814"}],"version-history":[{"count":0,"href":"https:\/\/www.cordobatimes.com\/deportes\/wp-json\/wp\/v2\/posts\/23814\/revisions"}],"wp:featuredmedia":[{"embeddable":true,"href":"https:\/\/www.cordobatimes.com\/deportes\/wp-json\/wp\/v2\/media\/23815"}],"wp:attachment":[{"href":"https:\/\/www.cordobatimes.com\/deportes\/wp-json\/wp\/v2\/media?parent=23814"}],"wp:term":[{"taxonomy":"category","embeddable":true,"href":"https:\/\/www.cordobatimes.com\/deportes\/wp-json\/wp\/v2\/categories?post=23814"},{"taxonomy":"post_tag","embeddable":true,"href":"https:\/\/www.cordobatimes.com\/deportes\/wp-json\/wp\/v2\/tags?post=23814"}],"curies":[{"name":"wp","href":"https:\/\/api.w.org\/{rel}","templated":true}]}}