{"id":23576,"date":"2014-11-08T18:06:33","date_gmt":"2014-11-08T21:06:33","guid":{"rendered":"http:\/\/www.cordobatimes.com\/deportes\/?p=23576"},"modified":"2014-11-08T18:22:13","modified_gmt":"2014-11-08T21:22:13","slug":"barcelona-gano-con-lo-justo-y-messi-no-pudo-igualar-el-record-de-telmo-zarra","status":"publish","type":"post","link":"https:\/\/www.cordobatimes.com\/deportes\/futbol-internacional\/2014\/11\/08\/barcelona-gano-con-lo-justo-y-messi-no-pudo-igualar-el-record-de-telmo-zarra\/","title":{"rendered":"Barcelona gan\u00f3 con lo justo y Messi no pudo igualar el r\u00e9cord de Telmo Zarra"},"content":{"rendered":"<h3 style=\"text-align: justify;\"><strong><a href=\"http:\/\/www.cordobatimes.com\/deportes\/wp-content\/uploads\/2014\/11\/messi1.jpg\"><img loading=\"lazy\" decoding=\"async\" class=\"alignnone  wp-image-23580\" style=\"margin: 5px;\" alt=\"messi\" src=\"http:\/\/www.cordobatimes.com\/deportes\/wp-content\/uploads\/2014\/11\/messi1.jpg\" width=\"630\" height=\"399\" data-id=\"23580\" \/><\/a>El conjunto cul\u00e9 se lo dio vuelta al Almer\u00eda como visitante y volvi\u00f3 a la victoria tras dos derrotas consecutivas. La &#8220;Pulga&#8221; err\u00f3 tres goles &#8220;hechos&#8221; y no pudo convertirse\u00a0en el m\u00e1ximo goleador hist\u00f3rico de la Primera Divisi\u00f3n del f\u00fatbol espa\u00f1ol. El uruguayo Luis Su\u00e1rez entr\u00f3 en el complemento y habilit\u00f3\u00a0a Neymar y a Jordi Alba para la victoria blaugrana;\u00a0Thievy hab\u00eda puesto el 1-0 para el conjunto local.<\/strong><\/h3>\n<p>&nbsp;<\/p>\n<h3>Todos los tantos, las mejores jugadas y los goles que se &#8220;comi\u00f3&#8221; el crack argentino.<\/h3>\n<p><iframe loading=\"lazy\" src=\"\/\/www.youtube.com\/embed\/a1IaOf8qMcg\" height=\"315\" width=\"100%\" allowfullscreen=\"\" frameborder=\"0\"><\/iframe><\/p>\n<p>&nbsp;<\/p>\n","protected":false},"excerpt":{"rendered":"<p>El conjunto cul\u00e9 se lo dio vuelta al Almer\u00eda como visitante y volvi\u00f3 a la victoria tras dos derrotas consecutivas. La &#8220;Pulga&#8221; err\u00f3 tres goles &#8220;hechos&#8221; y no pudo convertirse\u00a0en el m\u00e1ximo goleador hist\u00f3rico de la Primera Divisi\u00f3n del f\u00fatbol espa\u00f1ol. El uruguayo Luis Su\u00e1rez entr\u00f3 en el complemento y habilit\u00f3\u00a0a Neymar y a Jordi [&hellip;]<\/p>\n","protected":false},"author":5,"featured_media":23580,"comment_status":"closed","ping_status":"closed","sticky":false,"template":"","format":"standard","meta":{"_seopress_robots_primary_cat":"","_seopress_titles_title":"","_seopress_titles_desc":"","_seopress_robots_index":"","footnotes":""},"categories":[18],"tags":[1483,67,69,655,2326,4379,4378,4377],"class_list":{"0":"post-23576","1":"post","2":"type-post","3":"status-publish","4":"format-standard","5":"has-post-thumbnail","6":"hentry","7":"category-futbol-internacional","8":"tag-almeria","9":"tag-barcelona","11":"tag-lionel-messi","12":"tag-luis-suarez","14":"tag-messi-no-pudo-igualar-el-record-de-telmo-zarra","15":"tag-telmo-zarra"},"_links":{"self":[{"href":"https:\/\/www.cordobatimes.com\/deportes\/wp-json\/wp\/v2\/posts\/23576","targetHints":{"allow":["GET"]}}],"collection":[{"href":"https:\/\/www.cordobatimes.com\/deportes\/wp-json\/wp\/v2\/posts"}],"about":[{"href":"https:\/\/www.cordobatimes.com\/deportes\/wp-json\/wp\/v2\/types\/post"}],"author":[{"embeddable":true,"href":"https:\/\/www.cordobatimes.com\/deportes\/wp-json\/wp\/v2\/users\/5"}],"replies":[{"embeddable":true,"href":"https:\/\/www.cordobatimes.com\/deportes\/wp-json\/wp\/v2\/comments?post=23576"}],"version-history":[{"count":0,"href":"https:\/\/www.cordobatimes.com\/deportes\/wp-json\/wp\/v2\/posts\/23576\/revisions"}],"wp:featuredmedia":[{"embeddable":true,"href":"https:\/\/www.cordobatimes.com\/deportes\/wp-json\/wp\/v2\/media\/23580"}],"wp:attachment":[{"href":"https:\/\/www.cordobatimes.com\/deportes\/wp-json\/wp\/v2\/media?parent=23576"}],"wp:term":[{"taxonomy":"category","embeddable":true,"href":"https:\/\/www.cordobatimes.com\/deportes\/wp-json\/wp\/v2\/categories?post=23576"},{"taxonomy":"post_tag","embeddable":true,"href":"https:\/\/www.cordobatimes.com\/deportes\/wp-json\/wp\/v2\/tags?post=23576"}],"curies":[{"name":"wp","href":"https:\/\/api.w.org\/{rel}","templated":true}]}}