{"id":23517,"date":"2014-11-07T07:31:14","date_gmt":"2014-11-07T10:31:14","guid":{"rendered":"http:\/\/www.cordobatimes.com\/deportes\/?p=23517"},"modified":"2014-11-07T08:39:20","modified_gmt":"2014-11-07T11:39:20","slug":"por-lesion-prigioni-se-perdera-dos-partidos","status":"publish","type":"post","link":"https:\/\/www.cordobatimes.com\/deportes\/basquet\/2014\/11\/07\/por-lesion-prigioni-se-perdera-dos-partidos\/","title":{"rendered":"Por lesi\u00f3n, Prigioni se perder\u00e1 dos partidos"},"content":{"rendered":"<h3><strong><a href=\"http:\/\/www.cordobatimes.com\/deportes\/wp-content\/uploads\/2014\/11\/Prigioni-NBA1.jpg\"><img loading=\"lazy\" decoding=\"async\" class=\"size-full wp-image-23518 aligncenter\" alt=\"Prigioni NBA\" src=\"http:\/\/www.cordobatimes.com\/deportes\/wp-content\/uploads\/2014\/11\/Prigioni-NBA1.jpg\" width=\"1000\" height=\"560\" data-id=\"23518\" srcset=\"https:\/\/www.cordobatimes.com\/deportes\/wp-content\/uploads\/2014\/11\/Prigioni-NBA1.jpg 1000w, https:\/\/www.cordobatimes.com\/deportes\/wp-content\/uploads\/2014\/11\/Prigioni-NBA1-300x168.jpg 300w\" sizes=\"auto, (max-width: 1000px) 100vw, 1000px\" \/><\/a><\/strong><\/h3>\n<h3 style=\"text-align: justify;\"><strong>El base cordob\u00e9s sufri\u00f3 una molestia en el tobillo derecho y deber\u00e1 estar parado al menos por dos juegos. El estudio m\u00e9dico no revel\u00f3 problemas \u00f3seos.\u00a0<\/strong><\/h3>\n<p style=\"text-align: justify;\">\n<p style=\"text-align: justify;\">Pablo Prigioni, quien milita en los New York Knicks de la NBA,\u00a0se retir\u00f3 por un impedimento f\u00edsico luego de chocar con Brandon Jennings, en el marco del partido que su equipo perdi\u00f3 con Detroit Pistons, por 98-95, en Auburn Hills.<\/p>\n<p style=\"text-align: justify;\">De esta manera, el ex Tau Cer\u00e1mica se perder\u00e1 los encuentros que el conjunto neoyorquino afrontar\u00e1 ante ante Brooklyn Nets, el viernes, y Atlanta Hawks, el s\u00e1bado.<\/p>\n","protected":false},"excerpt":{"rendered":"<p>El base cordob\u00e9s sufri\u00f3 una molestia en el tobillo derecho y deber\u00e1 estar parado al menos por dos juegos. El estudio m\u00e9dico no revel\u00f3 problemas \u00f3seos.\u00a0 Pablo Prigioni, quien milita en los New York Knicks de la NBA,\u00a0se retir\u00f3 por un impedimento f\u00edsico luego de chocar con Brandon Jennings, en el marco del partido que [&hellip;]<\/p>\n","protected":false},"author":2,"featured_media":23518,"comment_status":"closed","ping_status":"closed","sticky":false,"template":"","format":"standard","meta":{"_seopress_robots_primary_cat":"","_seopress_titles_title":"","_seopress_titles_desc":"","_seopress_robots_index":"","footnotes":""},"categories":[3],"tags":[138,1059,4316,4371],"class_list":["post-23517","post","type-post","status-publish","format-standard","has-post-thumbnail","hentry","category-basquet","tag-nba","tag-new-york-knicks","tag-pablo-prigioni","tag-por-lesion"],"_links":{"self":[{"href":"https:\/\/www.cordobatimes.com\/deportes\/wp-json\/wp\/v2\/posts\/23517","targetHints":{"allow":["GET"]}}],"collection":[{"href":"https:\/\/www.cordobatimes.com\/deportes\/wp-json\/wp\/v2\/posts"}],"about":[{"href":"https:\/\/www.cordobatimes.com\/deportes\/wp-json\/wp\/v2\/types\/post"}],"author":[{"embeddable":true,"href":"https:\/\/www.cordobatimes.com\/deportes\/wp-json\/wp\/v2\/users\/2"}],"replies":[{"embeddable":true,"href":"https:\/\/www.cordobatimes.com\/deportes\/wp-json\/wp\/v2\/comments?post=23517"}],"version-history":[{"count":0,"href":"https:\/\/www.cordobatimes.com\/deportes\/wp-json\/wp\/v2\/posts\/23517\/revisions"}],"wp:featuredmedia":[{"embeddable":true,"href":"https:\/\/www.cordobatimes.com\/deportes\/wp-json\/wp\/v2\/media\/23518"}],"wp:attachment":[{"href":"https:\/\/www.cordobatimes.com\/deportes\/wp-json\/wp\/v2\/media?parent=23517"}],"wp:term":[{"taxonomy":"category","embeddable":true,"href":"https:\/\/www.cordobatimes.com\/deportes\/wp-json\/wp\/v2\/categories?post=23517"},{"taxonomy":"post_tag","embeddable":true,"href":"https:\/\/www.cordobatimes.com\/deportes\/wp-json\/wp\/v2\/tags?post=23517"}],"curies":[{"name":"wp","href":"https:\/\/api.w.org\/{rel}","templated":true}]}}