{"id":23499,"date":"2014-11-07T00:15:06","date_gmt":"2014-11-07T03:15:06","guid":{"rendered":"http:\/\/www.cordobatimes.com\/deportes\/?p=23499"},"modified":"2014-11-07T00:26:20","modified_gmt":"2014-11-07T03:26:20","slug":"river-gano-y-ahora-chocara-con-boca-en-semifinales","status":"publish","type":"post","link":"https:\/\/www.cordobatimes.com\/deportes\/futbol\/2014\/11\/07\/river-gano-y-ahora-chocara-con-boca-en-semifinales\/","title":{"rendered":"River gan\u00f3 y ahora chocar\u00e1 con Boca en semifinales"},"content":{"rendered":"<h3><\/h3>\n<p><a href=\"http:\/\/www.cordobatimes.com\/deportes\/wp-content\/uploads\/2014\/11\/moraaaa.jpg\"><img loading=\"lazy\" decoding=\"async\" class=\"alignnone size-full wp-image-23509\" alt=\"moraaaa\" src=\"http:\/\/www.cordobatimes.com\/deportes\/wp-content\/uploads\/2014\/11\/moraaaa.jpg\" width=\"1025\" height=\"766\" data-id=\"23509\" srcset=\"https:\/\/www.cordobatimes.com\/deportes\/wp-content\/uploads\/2014\/11\/moraaaa.jpg 1025w, https:\/\/www.cordobatimes.com\/deportes\/wp-content\/uploads\/2014\/11\/moraaaa-300x224.jpg 300w, https:\/\/www.cordobatimes.com\/deportes\/wp-content\/uploads\/2014\/11\/moraaaa-1024x765.jpg 1024w\" sizes=\"auto, (max-width: 1025px) 100vw, 1025px\" \/><\/a><\/p>\n<h3 style=\"text-align: justify;\">En un partidazo, el Millonario venci\u00f3 3 a 2 a Estudiantes y cerr\u00f3 la serie\u00a05-3, aunque sufri\u00f3 m\u00e1s de la cuenta. Ahora habr\u00e1\u00a0Supercl\u00e1sico.<\/h3>\n<p>&nbsp;<\/p>\n<p>En un partidazo lleno de aciertos y errores, River Plate le gan\u00f3 esta noche 3-2 a Estudiantes de La Plata en el Estadio Monumental y enfrentar\u00e1 a Boca Juniors en las semifinales de la Copa Sudamericana.<\/p>\n<p>El colombiano Te\u00f3filo Guti\u00e9rrez, el uruguayo Rodrigo Mora y Ramiro Funes Mori marcaron los tantos de River, que cerr\u00f3 su serie ante Estudiantes 5-3 y estir\u00f3 su invicto a 30 partidos.<\/p>\n<p>Por su parte, Estudiantes, con una reacci\u00f3n del uruguayo Diego Vera y Guido Carrillo, de penal, no pudo sostener la ventaja y qued\u00f3 eliminado.<\/p>\n<p>&nbsp;<\/p>\n<p><strong>S\u00cdNTESIS<\/strong><\/p>\n<p><strong>River Plate:<\/strong> Marcelo Barovero; Gabriel Mercado, Jonatan Maidana, Ramiro Funes Mori, Leonel Vangioni; Augusto Solari, Leonardo Ponzio, Ariel Rojas; Leonardo Pisculichi; Rodrigo Mora y Te\u00f3filo Guti\u00e9rrez: Director t\u00e9cnico: Marcelo Gallardo.<\/p>\n<p><strong>Estudiantes:<\/strong> Hilario Navarro; Mat\u00edas Aguirregaray, Jonathan Schunke, Leandro Des\u00e1bato, Mauricio Rosales; Carlos Auzqui, Gast\u00f3n Gil Romero, Leonardo Jara, Joaqu\u00edn Correa; Diego Vera y Guido Carrillo. Director t\u00e9cnico: Mauricio Pellegrino.<\/p>\n<p><strong>Goles en el primer tiempo:<\/strong> al minuto de juego, Guti\u00e9rrez (R); y a los 41, Vera (E).\u00a0Goles en el segundo tiempo: a los 5, Carrillo (E) de penal; a los 15, Mora (R); y a los 18, Funes Mori (R).<\/p>\n<p><strong>Cambios en el segundo tiempo:<\/strong> a los 15, Ernesto Go\u00f1i (E) por Aguirregaray; a los 20, Ezequiel Cerutti (E) por Schunke; a los 31, Lucas Boy\u00e9 (R) por Mora; a los 32, Tom\u00e1s Mart\u00ednez (R) por Pisculichi; a los 36, Leandro Ben\u00edtez (E) por Auzqui; y a los 46, Giovanni Simeone (R) por Rojas.<\/p>\n<p>\u00c1rbitro: N\u00e9stor Pitana.<\/p>\n<p><strong>Cancha:\u00a0<\/strong>Estadio Antonio Vespucio Liberti<\/p>\n<p>&nbsp;<\/p>\n<p style=\"text-align: justify;\"><strong>As\u00ed quedaron los cruces de semifinales<\/strong><\/p>\n<p style=\"text-align: justify;\">Las llaves River Plate-Boca Juniors y San Pablo-Atl\u00e9tico Nacional de Medell\u00edn ser\u00e1n las series de semifinales de Copa Sudamericana que comenzar\u00e1n a jugarse el 19 y 20 de noviembre venidero.<\/p>\n<p style=\"text-align: justify;\">El Supercl\u00e1sico argentino esta vez en versi\u00f3n copera comenzar\u00e1 a jugarse el jueves 20 de noviembre, en La Bombonera, y se definir\u00e1 siete d\u00edas m\u00e1s tarde en el Monumental.<\/p>\n<p style=\"text-align: justify;\">En tanto, el mi\u00e9rcoles 19, Atl\u00e9tico Nacional recibir\u00e1 a San Pablo, en el Estadio Atanasio Girardot, y la revancha est\u00e1 prevista para el 26 de noviembre, en Brasil.<\/p>\n<p style=\"text-align: justify;\">La CONMEBOL deber\u00e1 definir en los pr\u00f3ximos d\u00edas los \u00e1rbitros correspondientes a los cuatro encuentros.<\/p>\n<p>&nbsp;<\/p>\n<h3><strong>\u00a0<\/strong><\/h3>\n<p style=\"text-align: justify;\"><strong>Funes Mori marc\u00f3 y delira el Monumental<\/strong><\/p>\n<p><object width=\"100%\" height=\"261\" classid=\"clsid:d27cdb6e-ae6d-11cf-96b8-444553540000\" codebase=\"http:\/\/download.macromedia.com\/pub\/shockwave\/cabs\/flash\/swflash.cab#version=6,0,40,0\"><param name=\"src\" value=\"http:\/\/www.ole.com.ar\/static\/DESMedia\/swf\/jwplayer\/player.swf?hash=06418663a841fc726e7547ca13cc4e14\" \/><param name=\"allowscriptaccess\" value=\"always\" \/><param name=\"allowfullscreen\" value=\"true\" \/><param name=\"flashvars\" value=\"&amp;skin=http:\/\/www.ole.com.ar\/static\/DESMedia\/swf\/jwplayer\/skins\/modieus\/modieus.swf?hash=fc5dafd720b7a0ee3e89f1e0222ac9d1&amp;controlbar=over&amp;file=http:\/\/contenidos2.ole.clarin.com\/sincro\/ole\/flv\/2014\/11\/06\/VID\/OLEVID20141106_0054\/video_web.flv%3Fn%3D0&amp;image=http:\/\/www.ole.com.ar\/futbol-internacional\/sudamericana\/Funes-Mori-marco-delira-Monumental_OLEVID20141106_0054_18.jpg&amp;plugins=viral-h&amp;viral.allowmenu=false&amp;viral.oncomplete=false&amp;viral.onpause=true&amp;viral.pluginmode=FLASH\" \/><embed width=\"100%\" height=\"261\" type=\"application\/x-shockwave-flash\" src=\"http:\/\/www.ole.com.ar\/static\/DESMedia\/swf\/jwplayer\/player.swf?hash=06418663a841fc726e7547ca13cc4e14\" allowscriptaccess=\"always\" allowfullscreen=\"true\" flashvars=\"&amp;skin=http:\/\/www.ole.com.ar\/static\/DESMedia\/swf\/jwplayer\/skins\/modieus\/modieus.swf?hash=fc5dafd720b7a0ee3e89f1e0222ac9d1&amp;controlbar=over&amp;file=http:\/\/contenidos2.ole.clarin.com\/sincro\/ole\/flv\/2014\/11\/06\/VID\/OLEVID20141106_0054\/video_web.flv%3Fn%3D0&amp;image=http:\/\/www.ole.com.ar\/futbol-internacional\/sudamericana\/Funes-Mori-marco-delira-Monumental_OLEVID20141106_0054_18.jpg&amp;plugins=viral-h&amp;viral.allowmenu=false&amp;viral.oncomplete=false&amp;viral.onpause=true&amp;viral.pluginmode=FLASH\" \/><\/object><\/p>\n<p style=\"text-align: justify;\"><strong>Mora hizo el segundo gol para River<\/strong><\/p>\n<p><object width=\"100%\" height=\"261\" classid=\"clsid:d27cdb6e-ae6d-11cf-96b8-444553540000\" codebase=\"http:\/\/download.macromedia.com\/pub\/shockwave\/cabs\/flash\/swflash.cab#version=6,0,40,0\"><param name=\"src\" value=\"http:\/\/www.ole.com.ar\/static\/DESMedia\/swf\/jwplayer\/player.swf?hash=06418663a841fc726e7547ca13cc4e14\" \/><param name=\"allowscriptaccess\" value=\"always\" \/><param name=\"allowfullscreen\" value=\"true\" \/><param name=\"flashvars\" value=\"&amp;skin=http:\/\/www.ole.com.ar\/static\/DESMedia\/swf\/jwplayer\/skins\/modieus\/modieus.swf?hash=fc5dafd720b7a0ee3e89f1e0222ac9d1&amp;controlbar=over&amp;file=http:\/\/contenidos2.ole.clarin.com\/sincro\/ole\/flv\/2014\/11\/06\/VID\/OLEVID20141106_0053\/video_web.flv%3Fn%3D0&amp;image=http:\/\/www.ole.com.ar\/futbol-internacional\/sudamericana\/Mora-hizo-segundo-River_OLEVID20141106_0053_18.jpg&amp;plugins=viral-h&amp;viral.allowmenu=false&amp;viral.oncomplete=false&amp;viral.onpause=true&amp;viral.pluginmode=FLASH\" \/><embed width=\"100%\" height=\"261\" type=\"application\/x-shockwave-flash\" src=\"http:\/\/www.ole.com.ar\/static\/DESMedia\/swf\/jwplayer\/player.swf?hash=06418663a841fc726e7547ca13cc4e14\" allowscriptaccess=\"always\" allowfullscreen=\"true\" flashvars=\"&amp;skin=http:\/\/www.ole.com.ar\/static\/DESMedia\/swf\/jwplayer\/skins\/modieus\/modieus.swf?hash=fc5dafd720b7a0ee3e89f1e0222ac9d1&amp;controlbar=over&amp;file=http:\/\/contenidos2.ole.clarin.com\/sincro\/ole\/flv\/2014\/11\/06\/VID\/OLEVID20141106_0053\/video_web.flv%3Fn%3D0&amp;image=http:\/\/www.ole.com.ar\/futbol-internacional\/sudamericana\/Mora-hizo-segundo-River_OLEVID20141106_0053_18.jpg&amp;plugins=viral-h&amp;viral.allowmenu=false&amp;viral.oncomplete=false&amp;viral.onpause=true&amp;viral.pluginmode=FLASH\" \/><\/object><\/p>\n<p style=\"text-align: justify;\"><strong>Teo durmi\u00f3 al Le\u00f3n<\/strong><\/p>\n<p><object width=\"100%\" height=\"261\" classid=\"clsid:d27cdb6e-ae6d-11cf-96b8-444553540000\" codebase=\"http:\/\/download.macromedia.com\/pub\/shockwave\/cabs\/flash\/swflash.cab#version=6,0,40,0\"><param name=\"src\" value=\"http:\/\/www.ole.com.ar\/static\/DESMedia\/swf\/jwplayer\/player.swf?hash=06418663a841fc726e7547ca13cc4e14\" \/><param name=\"allowscriptaccess\" value=\"always\" \/><param name=\"allowfullscreen\" value=\"true\" \/><param name=\"flashvars\" value=\"&amp;skin=http:\/\/www.ole.com.ar\/static\/DESMedia\/swf\/jwplayer\/skins\/modieus\/modieus.swf?hash=fc5dafd720b7a0ee3e89f1e0222ac9d1&amp;controlbar=over&amp;file=http:\/\/contenidos2.ole.clarin.com\/sincro\/ole\/flv\/2014\/11\/06\/VID\/OLEVID20141106_0047\/video_web.flv%3Fn%3D0&amp;image=http:\/\/www.ole.com.ar\/futbol-internacional\/sudamericana\/Teo-durmio-Leon_OLEVID20141106_0047_18.jpg&amp;plugins=viral-h&amp;viral.allowmenu=false&amp;viral.oncomplete=false&amp;viral.onpause=true&amp;viral.pluginmode=FLASH\" \/><embed width=\"100%\" height=\"261\" type=\"application\/x-shockwave-flash\" src=\"http:\/\/www.ole.com.ar\/static\/DESMedia\/swf\/jwplayer\/player.swf?hash=06418663a841fc726e7547ca13cc4e14\" allowscriptaccess=\"always\" allowfullscreen=\"true\" flashvars=\"&amp;skin=http:\/\/www.ole.com.ar\/static\/DESMedia\/swf\/jwplayer\/skins\/modieus\/modieus.swf?hash=fc5dafd720b7a0ee3e89f1e0222ac9d1&amp;controlbar=over&amp;file=http:\/\/contenidos2.ole.clarin.com\/sincro\/ole\/flv\/2014\/11\/06\/VID\/OLEVID20141106_0047\/video_web.flv%3Fn%3D0&amp;image=http:\/\/www.ole.com.ar\/futbol-internacional\/sudamericana\/Teo-durmio-Leon_OLEVID20141106_0047_18.jpg&amp;plugins=viral-h&amp;viral.allowmenu=false&amp;viral.oncomplete=false&amp;viral.onpause=true&amp;viral.pluginmode=FLASH\" \/><\/object><\/p>\n<p style=\"text-align: justify;\"><strong>Gol de Vera para Estudiantes<\/strong><\/p>\n<p><iframe loading=\"lazy\" src=\"\/\/www.youtube.com\/embed\/RoyJJFvefqc\" height=\"315\" width=\"100%\" allowfullscreen=\"\" frameborder=\"0\"><\/iframe><\/p>\n<p style=\"text-align: justify;\"><strong>Gol de Carrillo<\/strong><\/p>\n<p><iframe loading=\"lazy\" src=\"\/\/www.youtube.com\/embed\/vipg_zdxTWI\" height=\"315\" width=\"100%\" allowfullscreen=\"\" frameborder=\"0\"><\/iframe><\/p>\n","protected":false},"excerpt":{"rendered":"<p>En un partidazo, el Millonario venci\u00f3 3 a 2 a Estudiantes y cerr\u00f3 la serie\u00a05-3, aunque sufri\u00f3 m\u00e1s de la cuenta. Ahora habr\u00e1\u00a0Supercl\u00e1sico. &nbsp; En un partidazo lleno de aciertos y errores, River Plate le gan\u00f3 esta noche 3-2 a Estudiantes de La Plata en el Estadio Monumental y enfrentar\u00e1 a Boca Juniors en las [&hellip;]<\/p>\n","protected":false},"author":2,"featured_media":23511,"comment_status":"closed","ping_status":"closed","sticky":false,"template":"","format":"standard","meta":{"_seopress_robots_primary_cat":"","_seopress_titles_title":"","_seopress_titles_desc":"","_seopress_robots_index":"","footnotes":""},"categories":[23,2],"tags":[5570,1588,4292],"class_list":["post-23499","post","type-post","status-publish","format-standard","has-post-thumbnail","hentry","category-copa-sudamericana","category-futbol","tag-copa-sudamericana","tag-cuartos-de-final","tag-river-estudiantes"],"_links":{"self":[{"href":"https:\/\/www.cordobatimes.com\/deportes\/wp-json\/wp\/v2\/posts\/23499","targetHints":{"allow":["GET"]}}],"collection":[{"href":"https:\/\/www.cordobatimes.com\/deportes\/wp-json\/wp\/v2\/posts"}],"about":[{"href":"https:\/\/www.cordobatimes.com\/deportes\/wp-json\/wp\/v2\/types\/post"}],"author":[{"embeddable":true,"href":"https:\/\/www.cordobatimes.com\/deportes\/wp-json\/wp\/v2\/users\/2"}],"replies":[{"embeddable":true,"href":"https:\/\/www.cordobatimes.com\/deportes\/wp-json\/wp\/v2\/comments?post=23499"}],"version-history":[{"count":0,"href":"https:\/\/www.cordobatimes.com\/deportes\/wp-json\/wp\/v2\/posts\/23499\/revisions"}],"wp:featuredmedia":[{"embeddable":true,"href":"https:\/\/www.cordobatimes.com\/deportes\/wp-json\/wp\/v2\/media\/23511"}],"wp:attachment":[{"href":"https:\/\/www.cordobatimes.com\/deportes\/wp-json\/wp\/v2\/media?parent=23499"}],"wp:term":[{"taxonomy":"category","embeddable":true,"href":"https:\/\/www.cordobatimes.com\/deportes\/wp-json\/wp\/v2\/categories?post=23499"},{"taxonomy":"post_tag","embeddable":true,"href":"https:\/\/www.cordobatimes.com\/deportes\/wp-json\/wp\/v2\/tags?post=23499"}],"curies":[{"name":"wp","href":"https:\/\/api.w.org\/{rel}","templated":true}]}}