{"id":23481,"date":"2014-11-06T11:21:11","date_gmt":"2014-11-06T14:21:11","guid":{"rendered":"http:\/\/www.cordobatimes.com\/deportes\/?p=23481"},"modified":"2014-11-06T11:21:11","modified_gmt":"2014-11-06T14:21:11","slug":"independiente-le-hara-juicio-a-racing-por-la-confesion-de-saja","status":"publish","type":"post","link":"https:\/\/www.cordobatimes.com\/deportes\/futbol\/2014\/11\/06\/independiente-le-hara-juicio-a-racing-por-la-confesion-de-saja\/","title":{"rendered":"Independiente le har\u00e1 juicio a Racing por la confesi\u00f3n de Saja"},"content":{"rendered":"<p style=\"text-align: center;\"><a href=\"http:\/\/www.cordobatimes.com\/deportes\/wp-content\/uploads\/2014\/11\/racing-independiente.jpg\"><img loading=\"lazy\" decoding=\"async\" class=\"size-full wp-image-23482 aligncenter\" alt=\"racing - independiente\" src=\"http:\/\/www.cordobatimes.com\/deportes\/wp-content\/uploads\/2014\/11\/racing-independiente.jpg\" width=\"770\" height=\"433\" data-id=\"23482\" srcset=\"https:\/\/www.cordobatimes.com\/deportes\/wp-content\/uploads\/2014\/11\/racing-independiente.jpg 770w, https:\/\/www.cordobatimes.com\/deportes\/wp-content\/uploads\/2014\/11\/racing-independiente-300x168.jpg 300w\" sizes=\"auto, (max-width: 770px) 100vw, 770px\" \/><\/a><\/p>\n<h3 style=\"text-align: justify;\"><b>Lo dijo Noray Nakis, vicepresidente del club rojo. \u201cNo se puede dejar pasar\u201d, asegur\u00f3.<\/b><\/h3>\n<p style=\"text-align: justify;\">\n<p style=\"text-align: justify;\">\n<p style=\"text-align: justify;\">Sebasti\u00e1n Saja, arquero de Racing, confes\u00f3 la semana pasada que fueron presionados para perder un partido ante Quilmes, que luchaba por la permanencia en Primera Divisi\u00f3n contra Independiente. Por eso, el Club Atl\u00e9tico Independiente iniciar\u00e1 acciones legales en contra de la Academia.<\/p>\n<p style=\"text-align: justify;\">Ya lo hab\u00eda dicho Hugo Moyano, presidente del Diablo, que iban a evaluar la posibilidad de llevar el tema a la justicia. Ayer, en un programa partidario (Orgullo Rojo), el vicepresidente Noray Nakis lo termin\u00f3 de confirmar.<\/p>\n<p style=\"text-align: justify;\">&#8220;Vamos a iniciar la denuncia contra Racing por lo que dijo Saja, no se puede dejar pasar. Las declaraciones de Saja fueron muy claras, ellos no quisieron ganar&#8221;, despach\u00f3 el dirigente.<\/p>\n<p style=\"text-align: justify;\">Recordemos que hace una semana, Saja reconoci\u00f3 en un programa de televisi\u00f3n que se \u201csinti\u00f3 intimidado\u201d, o que al menos estaba desprotegido, antes del partido frente a Quilmes. \u201cS\u00f3lo los jugadores sabemos lo que se vivi\u00f3 y lo que se sinti\u00f3 en ese momento. Nos sentimos intimidados\u201d, sentenci\u00f3.<\/p>\n","protected":false},"excerpt":{"rendered":"<p>Lo dijo Noray Nakis, vicepresidente del club rojo. \u201cNo se puede dejar pasar\u201d, asegur\u00f3. Sebasti\u00e1n Saja, arquero de Racing, confes\u00f3 la semana pasada que fueron presionados para perder un partido ante Quilmes, que luchaba por la permanencia en Primera Divisi\u00f3n contra Independiente. Por eso, el Club Atl\u00e9tico Independiente iniciar\u00e1 acciones legales en contra de la [&hellip;]<\/p>\n","protected":false},"author":15,"featured_media":23482,"comment_status":"closed","ping_status":"closed","sticky":false,"template":"","format":"standard","meta":{"_seopress_robots_primary_cat":"","_seopress_titles_title":"","_seopress_titles_desc":"","_seopress_robots_index":"","footnotes":""},"categories":[2],"tags":[33,4368,4369],"class_list":["post-23481","post","type-post","status-publish","format-standard","has-post-thumbnail","hentry","category-futbol","tag-afa","tag-justicia","tag-racing-independiente"],"_links":{"self":[{"href":"https:\/\/www.cordobatimes.com\/deportes\/wp-json\/wp\/v2\/posts\/23481","targetHints":{"allow":["GET"]}}],"collection":[{"href":"https:\/\/www.cordobatimes.com\/deportes\/wp-json\/wp\/v2\/posts"}],"about":[{"href":"https:\/\/www.cordobatimes.com\/deportes\/wp-json\/wp\/v2\/types\/post"}],"author":[{"embeddable":true,"href":"https:\/\/www.cordobatimes.com\/deportes\/wp-json\/wp\/v2\/users\/15"}],"replies":[{"embeddable":true,"href":"https:\/\/www.cordobatimes.com\/deportes\/wp-json\/wp\/v2\/comments?post=23481"}],"version-history":[{"count":0,"href":"https:\/\/www.cordobatimes.com\/deportes\/wp-json\/wp\/v2\/posts\/23481\/revisions"}],"wp:featuredmedia":[{"embeddable":true,"href":"https:\/\/www.cordobatimes.com\/deportes\/wp-json\/wp\/v2\/media\/23482"}],"wp:attachment":[{"href":"https:\/\/www.cordobatimes.com\/deportes\/wp-json\/wp\/v2\/media?parent=23481"}],"wp:term":[{"taxonomy":"category","embeddable":true,"href":"https:\/\/www.cordobatimes.com\/deportes\/wp-json\/wp\/v2\/categories?post=23481"},{"taxonomy":"post_tag","embeddable":true,"href":"https:\/\/www.cordobatimes.com\/deportes\/wp-json\/wp\/v2\/tags?post=23481"}],"curies":[{"name":"wp","href":"https:\/\/api.w.org\/{rel}","templated":true}]}}