{"id":23377,"date":"2014-11-04T11:21:53","date_gmt":"2014-11-04T14:21:53","guid":{"rendered":"http:\/\/www.cordobatimes.com\/deportes\/?p=23377"},"modified":"2014-11-05T00:11:46","modified_gmt":"2014-11-05T03:11:46","slug":"asi-se-jugara-la-fecha-15-de-primera-division","status":"publish","type":"post","link":"https:\/\/www.cordobatimes.com\/deportes\/futbol\/2014\/11\/04\/asi-se-jugara-la-fecha-15-de-primera-division\/","title":{"rendered":"As\u00ed se jugar\u00e1 la fecha 15 de Primera Divisi\u00f3n"},"content":{"rendered":"<h3 style=\"text-align: left;\"><strong><a href=\"http:\/\/www.cordobatimes.com\/deportes\/wp-content\/uploads\/2014\/11\/River-V\u00e9lez.jpg\"><img loading=\"lazy\" decoding=\"async\" class=\"size-full wp-image-23378 aligncenter\" alt=\"River-V\u00e9lez\" src=\"http:\/\/www.cordobatimes.com\/deportes\/wp-content\/uploads\/2014\/11\/River-V\u00e9lez.jpg\" width=\"590\" height=\"441\" data-id=\"23378\" srcset=\"https:\/\/www.cordobatimes.com\/deportes\/wp-content\/uploads\/2014\/11\/River-V\u00e9lez.jpg 590w, https:\/\/www.cordobatimes.com\/deportes\/wp-content\/uploads\/2014\/11\/River-V\u00e9lez-300x224.jpg 300w\" sizes=\"auto, (max-width: 590px) 100vw, 590px\" \/><\/a><\/strong><\/h3>\n<h3 style=\"text-align: left;\"><strong>La Asociaci\u00f3n del F\u00fatbol Argentino confirm\u00f3 d\u00edas y horarios para el fin de semana. Belgrano jugar\u00e1 como local el s\u00e1bado, desde las 18.10, con Defensa y Justicia; el l\u00edder, River, visitar\u00e1 a V\u00e9lez el domingo a partir de las 21.30. Mir\u00e1 la programaci\u00f3n completa.<\/strong><\/h3>\n<p>&nbsp;<\/p>\n<p>Si la lluvia lo permite, luego de una jornada 14 accidentada con cuatro partidos postergados, el Torneo de Transici\u00f3n continuar\u00e1 su marcha. Habr\u00e1 un juego el viernes, cuatro el s\u00e1bado, igual cantidad el domingo y uno restante cerrando el d\u00eda lunes.<\/p>\n<p><strong>CRONOGRAMA COMPLETO<\/strong><\/p>\n<p><span style=\"text-decoration: underline;\"><strong>PRIMERA DIVISI\u00d3N \u2013 FECHA 15<\/strong><\/span><\/p>\n<p><strong>Viernes 7 de noviembre<\/strong><\/p>\n<p>20.30 Lan\u00fas\u00a0<strong>vs.\u00a0<\/strong>Arsenal F.C.<\/p>\n<p><strong>S\u00e1bado 8 de noviembre<\/strong><\/p>\n<p>15.00 Atl\u00e9tico de Rafaela\u00a0<strong>vs.\u00a0<\/strong>Godoy Cruz<br \/>\n15.00 Olimpo de Bah\u00eda Blanca<strong>\u00a0vs.<\/strong>\u00a0Quilmes<br \/>\n18.10 Belgrano de C\u00f3rdoba\u00a0<strong>vs.<\/strong>\u00a0Defensa y Justicia<br \/>\n20.30 \u00a0Independiente\u00a0<strong>vs.\u00a0<\/strong>Gimnasia y Esgrima La Plata<\/p>\n<p><strong>Domingo 9 de noviembre<\/strong><\/p>\n<p>16.00 Racing\u00a0<strong>vs.<\/strong>\u00a0Banfield<br \/>\n16.00 Estudiantes de La Plata\u00a0<strong>vs.<\/strong>\u00a0Rosario Central<br \/>\n18.15 Boca<strong>\u00a0vs.<\/strong><strong>\u00a0<\/strong>Tigre<br \/>\n21.30 V\u00e9lez\u00a0<strong>vs.<\/strong>\u00a0River Plate<\/p>\n<p><strong>Lunes 10 de noviembre<\/strong><\/p>\n<p>20.30 \u00a0Newell&#8217;s\u00a0<strong>vs.<\/strong>\u00a0San Lorenzo<\/p>\n","protected":false},"excerpt":{"rendered":"<p>La Asociaci\u00f3n del F\u00fatbol Argentino confirm\u00f3 d\u00edas y horarios para el fin de semana. Belgrano jugar\u00e1 como local el s\u00e1bado, desde las 18.10, con Defensa y Justicia; el l\u00edder, River, visitar\u00e1 a V\u00e9lez el domingo a partir de las 21.30. Mir\u00e1 la programaci\u00f3n completa. &nbsp; Si la lluvia lo permite, luego de una jornada 14 [&hellip;]<\/p>\n","protected":false},"author":2,"featured_media":23378,"comment_status":"closed","ping_status":"closed","sticky":false,"template":"","format":"standard","meta":{"_seopress_robots_primary_cat":"","_seopress_titles_title":"","_seopress_titles_desc":"","_seopress_robots_index":"","footnotes":""},"categories":[2,16],"tags":[33,37,52,169,65,105,74,3150],"class_list":["post-23377","post","type-post","status-publish","format-standard","has-post-thumbnail","hentry","category-futbol","category-primera-division","tag-afa","tag-belgrano","tag-boca","tag-cordoba","tag-independiente","tag-primera-division-2","tag-river","tag-torneo-de-transicion"],"_links":{"self":[{"href":"https:\/\/www.cordobatimes.com\/deportes\/wp-json\/wp\/v2\/posts\/23377","targetHints":{"allow":["GET"]}}],"collection":[{"href":"https:\/\/www.cordobatimes.com\/deportes\/wp-json\/wp\/v2\/posts"}],"about":[{"href":"https:\/\/www.cordobatimes.com\/deportes\/wp-json\/wp\/v2\/types\/post"}],"author":[{"embeddable":true,"href":"https:\/\/www.cordobatimes.com\/deportes\/wp-json\/wp\/v2\/users\/2"}],"replies":[{"embeddable":true,"href":"https:\/\/www.cordobatimes.com\/deportes\/wp-json\/wp\/v2\/comments?post=23377"}],"version-history":[{"count":0,"href":"https:\/\/www.cordobatimes.com\/deportes\/wp-json\/wp\/v2\/posts\/23377\/revisions"}],"wp:featuredmedia":[{"embeddable":true,"href":"https:\/\/www.cordobatimes.com\/deportes\/wp-json\/wp\/v2\/media\/23378"}],"wp:attachment":[{"href":"https:\/\/www.cordobatimes.com\/deportes\/wp-json\/wp\/v2\/media?parent=23377"}],"wp:term":[{"taxonomy":"category","embeddable":true,"href":"https:\/\/www.cordobatimes.com\/deportes\/wp-json\/wp\/v2\/categories?post=23377"},{"taxonomy":"post_tag","embeddable":true,"href":"https:\/\/www.cordobatimes.com\/deportes\/wp-json\/wp\/v2\/tags?post=23377"}],"curies":[{"name":"wp","href":"https:\/\/api.w.org\/{rel}","templated":true}]}}