{"id":23358,"date":"2014-11-04T10:06:04","date_gmt":"2014-11-04T13:06:04","guid":{"rendered":"http:\/\/www.cordobatimes.com\/deportes\/?p=23358"},"modified":"2014-11-04T10:06:04","modified_gmt":"2014-11-04T13:06:04","slug":"mancuello-renovo-contrato-con-independiente","status":"publish","type":"post","link":"https:\/\/www.cordobatimes.com\/deportes\/futbol\/2014\/11\/04\/mancuello-renovo-contrato-con-independiente\/","title":{"rendered":"Mancuello renov\u00f3 contrato con Independiente"},"content":{"rendered":"<h3><strong><a href=\"http:\/\/www.cordobatimes.com\/deportes\/wp-content\/uploads\/2014\/11\/Mancuello.jpg\"><img loading=\"lazy\" decoding=\"async\" class=\"size-full wp-image-23359 aligncenter\" alt=\"Mancuello\" src=\"http:\/\/www.cordobatimes.com\/deportes\/wp-content\/uploads\/2014\/11\/Mancuello.jpg\" width=\"640\" height=\"360\" data-id=\"23359\" srcset=\"https:\/\/www.cordobatimes.com\/deportes\/wp-content\/uploads\/2014\/11\/Mancuello.jpg 640w, https:\/\/www.cordobatimes.com\/deportes\/wp-content\/uploads\/2014\/11\/Mancuello-300x168.jpg 300w\" sizes=\"auto, (max-width: 640px) 100vw, 640px\" \/><\/a><\/strong><\/h3>\n<h3 style=\"text-align: justify;\"><strong>La figura del conjunto de Avellaneda estir\u00f3 su v\u00ednculo hasta diciembre de 2016. &#8220;Todos los d\u00edas me levanto disfrutando este momento, es un sue\u00f1o jugar en el club del que sos hincha&#8221;, dijo el mediocampista.<\/strong><\/h3>\n<p style=\"text-align: justify;\">\n<p style=\"text-align: justify;\">La cita fue en la Federaci\u00f3n Nacional de Trabajadores Camioneros, donde Federico Mancuello, de 24 a\u00f1os, prolong\u00f3 el contrato que lo une al Club Atl\u00e9tico Independiente. El &#8220;Dromedario&#8221; es el goleador del equipo en el actual torneo de Primera Divisi\u00f3n con 9 tantos y es pieza fundamental en el esquema de Jorge Almir\u00f3n, por lo cual el momento era muy esperado por todo el mundo Rojo.<\/p>\n<p style=\"text-align: justify;\">&#8220;Todos los d\u00edas me levanto disfrutando este momento, es un sue\u00f1o jugar en el club del que sos hincha. Esperaba renovar desde que empec\u00e9 el campeonato, se hizo larga la espera&#8221;, declar\u00f3 ante los medios en conferencia de prensa.<\/p>\n<p style=\"text-align: justify;\">A su turno, Hugo Moyano, Presidente de la instituci\u00f3n, afirm\u00f3 que\u00a0&#8220;Independiente deja todo y, de donde viene (la B Nacional), hoy muestra otra actitud. Est\u00e1 en su naturaleza jugar como un campe\u00f3n&#8221;.<\/p>\n","protected":false},"excerpt":{"rendered":"<p>La figura del conjunto de Avellaneda estir\u00f3 su v\u00ednculo hasta diciembre de 2016. &#8220;Todos los d\u00edas me levanto disfrutando este momento, es un sue\u00f1o jugar en el club del que sos hincha&#8221;, dijo el mediocampista. La cita fue en la Federaci\u00f3n Nacional de Trabajadores Camioneros, donde Federico Mancuello, de 24 a\u00f1os, prolong\u00f3 el contrato que [&hellip;]<\/p>\n","protected":false},"author":2,"featured_media":23359,"comment_status":"closed","ping_status":"closed","sticky":false,"template":"","format":"standard","meta":{"_seopress_robots_primary_cat":"","_seopress_titles_title":"","_seopress_titles_desc":"","_seopress_robots_index":"","footnotes":""},"categories":[2],"tags":[33,3264,65,3888,617],"class_list":["post-23358","post","type-post","status-publish","format-standard","has-post-thumbnail","hentry","category-futbol","tag-afa","tag-hugo-moyano","tag-independiente","tag-mancuello","tag-renovacion-de-contrato"],"_links":{"self":[{"href":"https:\/\/www.cordobatimes.com\/deportes\/wp-json\/wp\/v2\/posts\/23358","targetHints":{"allow":["GET"]}}],"collection":[{"href":"https:\/\/www.cordobatimes.com\/deportes\/wp-json\/wp\/v2\/posts"}],"about":[{"href":"https:\/\/www.cordobatimes.com\/deportes\/wp-json\/wp\/v2\/types\/post"}],"author":[{"embeddable":true,"href":"https:\/\/www.cordobatimes.com\/deportes\/wp-json\/wp\/v2\/users\/2"}],"replies":[{"embeddable":true,"href":"https:\/\/www.cordobatimes.com\/deportes\/wp-json\/wp\/v2\/comments?post=23358"}],"version-history":[{"count":0,"href":"https:\/\/www.cordobatimes.com\/deportes\/wp-json\/wp\/v2\/posts\/23358\/revisions"}],"wp:featuredmedia":[{"embeddable":true,"href":"https:\/\/www.cordobatimes.com\/deportes\/wp-json\/wp\/v2\/media\/23359"}],"wp:attachment":[{"href":"https:\/\/www.cordobatimes.com\/deportes\/wp-json\/wp\/v2\/media?parent=23358"}],"wp:term":[{"taxonomy":"category","embeddable":true,"href":"https:\/\/www.cordobatimes.com\/deportes\/wp-json\/wp\/v2\/categories?post=23358"},{"taxonomy":"post_tag","embeddable":true,"href":"https:\/\/www.cordobatimes.com\/deportes\/wp-json\/wp\/v2\/tags?post=23358"}],"curies":[{"name":"wp","href":"https:\/\/api.w.org\/{rel}","templated":true}]}}