{"id":23355,"date":"2014-11-03T17:37:21","date_gmt":"2014-11-03T20:37:21","guid":{"rendered":"http:\/\/www.cordobatimes.com\/deportes\/?p=23355"},"modified":"2014-11-03T17:37:21","modified_gmt":"2014-11-03T20:37:21","slug":"del-potro-afuera-del-top-100","status":"publish","type":"post","link":"https:\/\/www.cordobatimes.com\/deportes\/tenis\/2014\/11\/03\/del-potro-afuera-del-top-100\/","title":{"rendered":"Del Potro afuera del Top 100"},"content":{"rendered":"<p style=\"text-align: center;\"><a href=\"http:\/\/www.cordobatimes.com\/deportes\/wp-content\/uploads\/2014\/11\/Del-Potro.jpg\"><img loading=\"lazy\" decoding=\"async\" class=\"size-full wp-image-23356 aligncenter\" alt=\"Del Potro\" src=\"http:\/\/www.cordobatimes.com\/deportes\/wp-content\/uploads\/2014\/11\/Del-Potro.jpg\" width=\"600\" height=\"400\" data-id=\"23356\" srcset=\"https:\/\/www.cordobatimes.com\/deportes\/wp-content\/uploads\/2014\/11\/Del-Potro.jpg 600w, https:\/\/www.cordobatimes.com\/deportes\/wp-content\/uploads\/2014\/11\/Del-Potro-300x200.jpg 300w\" sizes=\"auto, (max-width: 600px) 100vw, 600px\" \/><\/a><\/p>\n<h3 style=\"text-align: justify;\"><b>El tandilense cay\u00f3 74 puesos en el ranking mundial y ahora se ubica como N\u00b0 138. Estar\u00e1 en inactividad hasta la temporada 2015. Leo Mayer es el argentino mejor ubicado.<\/b><\/h3>\n<p style=\"text-align: justify;\">\n<p style=\"text-align: justify;\">Juan Mart\u00edn Del Potro qued\u00f3 hoy afuera del Top 100 al retroceder 74 lugares y caer hasta la ubicaci\u00f3n 138, seg\u00fan inform\u00f3 hoy la actualizaci\u00f3n semanal llevada a cabo por la Asociaci\u00f3n de Tenistas Profesionales (ATP).<\/p>\n<p style=\"text-align: justify;\">La Tore de Tandil, inactivo hasta el a\u00f1o que viene por una operaci\u00f3n en su mu\u00f1eca izquierda, qued\u00f3 como el noveno jugador argentino en la clasificaci\u00f3n general, que tiene como cabeza de serie al correntino Leonardo Mayer (N\u00b0 25).<\/p>\n<p style=\"text-align: justify;\">El resto delos tenistas de nuestro pa\u00eds dentro de los 100 mejores son: Federico Delbonis (60\u00b0), Juan M\u00f3naco (64\u00b0), Carlos Berlocq (74\u00b0), Diego Schwartzman (82\u00b0), y Horacio Zeballos (100\u00b0).<\/p>\n<p style=\"text-align: justify;\">Por otra parte, el Top Ten qued\u00f3 conformado de la siguiente manera:<\/p>\n<p style=\"text-align: justify;\">1. Novak Djokovic (SRB) \u00a0 \u00a0 \u00a0 \u00a0 \u00a010.010 puntos<br \/>\n2. Roger Federer (SUI) \u00a0 \u00a0 \u00a0 \u00a0 \u00a0 \u00a0 \u00a08.700<br \/>\n3. Rafael Nadal (ESP) \u00a0 \u00a0 \u00a0 \u00a0 \u00a0 \u00a0 \u00a0 \u00a06.875<br \/>\n4. Stan Wawrinka (SUI) \u00a0 \u00a0 \u00a0 \u00a0 \u00a0 4.895<br \/>\n5. Kei Nishikori (JPN) \u00a0 \u00a0 \u00a0 \u00a0 \u00a0 \u00a0 \u00a04.625<br \/>\n6. Andy Murray (GBR) \u00a0 \u00a0 \u00a0 \u00a0 \u00a0 \u00a0 \u00a04.475<br \/>\n7. Tomas Berdych (CZE) \u00a0 \u00a0 \u00a0 \u00a0 \u00a0 4.465<br \/>\n8. Milos Raonic (CAN) \u00a0 \u00a0 \u00a0 \u00a0 \u00a0 \u00a0 4.440<br \/>\n9. Marin Cilic (CRO) \u00a0 \u00a0 \u00a0 \u00a0 \u00a0 \u00a0 \u00a0 \u00a0 \u00a04.150<br \/>\n10. David Ferrer (ESP) \u00a0 \u00a0 \u00a0 \u00a0 \u00a0 \u00a0 \u00a04.045<\/p>\n","protected":false},"excerpt":{"rendered":"<p>El tandilense cay\u00f3 74 puesos en el ranking mundial y ahora se ubica como N\u00b0 138. Estar\u00e1 en inactividad hasta la temporada 2015. Leo Mayer es el argentino mejor ubicado. Juan Mart\u00edn Del Potro qued\u00f3 hoy afuera del Top 100 al retroceder 74 lugares y caer hasta la ubicaci\u00f3n 138, seg\u00fan inform\u00f3 hoy la actualizaci\u00f3n [&hellip;]<\/p>\n","protected":false},"author":15,"featured_media":23356,"comment_status":"closed","ping_status":"closed","sticky":false,"template":"","format":"standard","meta":{"_seopress_robots_primary_cat":"","_seopress_titles_title":"","_seopress_titles_desc":"","_seopress_robots_index":"","footnotes":""},"categories":[4],"tags":[202,520],"class_list":["post-23355","post","type-post","status-publish","format-standard","has-post-thumbnail","hentry","category-tenis","tag-atp","tag-juan-martin-del-potro"],"_links":{"self":[{"href":"https:\/\/www.cordobatimes.com\/deportes\/wp-json\/wp\/v2\/posts\/23355","targetHints":{"allow":["GET"]}}],"collection":[{"href":"https:\/\/www.cordobatimes.com\/deportes\/wp-json\/wp\/v2\/posts"}],"about":[{"href":"https:\/\/www.cordobatimes.com\/deportes\/wp-json\/wp\/v2\/types\/post"}],"author":[{"embeddable":true,"href":"https:\/\/www.cordobatimes.com\/deportes\/wp-json\/wp\/v2\/users\/15"}],"replies":[{"embeddable":true,"href":"https:\/\/www.cordobatimes.com\/deportes\/wp-json\/wp\/v2\/comments?post=23355"}],"version-history":[{"count":0,"href":"https:\/\/www.cordobatimes.com\/deportes\/wp-json\/wp\/v2\/posts\/23355\/revisions"}],"wp:featuredmedia":[{"embeddable":true,"href":"https:\/\/www.cordobatimes.com\/deportes\/wp-json\/wp\/v2\/media\/23356"}],"wp:attachment":[{"href":"https:\/\/www.cordobatimes.com\/deportes\/wp-json\/wp\/v2\/media?parent=23355"}],"wp:term":[{"taxonomy":"category","embeddable":true,"href":"https:\/\/www.cordobatimes.com\/deportes\/wp-json\/wp\/v2\/categories?post=23355"},{"taxonomy":"post_tag","embeddable":true,"href":"https:\/\/www.cordobatimes.com\/deportes\/wp-json\/wp\/v2\/tags?post=23355"}],"curies":[{"name":"wp","href":"https:\/\/api.w.org\/{rel}","templated":true}]}}