{"id":23352,"date":"2014-11-03T17:24:04","date_gmt":"2014-11-03T20:24:04","guid":{"rendered":"http:\/\/www.cordobatimes.com\/deportes\/?p=23352"},"modified":"2014-11-03T17:24:04","modified_gmt":"2014-11-03T20:24:04","slug":"luis-segura-querria-seguir-al-frente-de-la-afa-despues-del-2015","status":"publish","type":"post","link":"https:\/\/www.cordobatimes.com\/deportes\/futbol\/2014\/11\/03\/luis-segura-querria-seguir-al-frente-de-la-afa-despues-del-2015\/","title":{"rendered":"Luis Segura querr\u00eda seguir al frente de la AFA despu\u00e9s del 2015"},"content":{"rendered":"<p style=\"text-align: center;\"><a href=\"http:\/\/www.cordobatimes.com\/deportes\/wp-content\/uploads\/2014\/11\/AFA.jpg\"><img loading=\"lazy\" decoding=\"async\" class=\"size-full wp-image-23353 aligncenter\" alt=\"AFA\" src=\"http:\/\/www.cordobatimes.com\/deportes\/wp-content\/uploads\/2014\/11\/AFA.jpg\" width=\"630\" height=\"460\" data-id=\"23353\" srcset=\"https:\/\/www.cordobatimes.com\/deportes\/wp-content\/uploads\/2014\/11\/AFA.jpg 630w, https:\/\/www.cordobatimes.com\/deportes\/wp-content\/uploads\/2014\/11\/AFA-300x219.jpg 300w\" sizes=\"auto, (max-width: 630px) 100vw, 630px\" \/><\/a><\/p>\n<h3 style=\"text-align: justify;\"><b>El directivo termina su mandato transitorio el a\u00f1o que viene, lugar que ocup\u00f3 tras la muerte de Julio Grondona.<\/b><\/h3>\n<p style=\"text-align: justify;\">\n<p style=\"text-align: justify;\">\n<p style=\"text-align: justify;\">D\u00edas despu\u00e9s de ser elegido presidente de la AFA para finalizar el mandato inconcluso de Julio Humberto Grondona, Luis Segura asegur\u00f3 que puede ser una posibilidad presentarse el a\u00f1o pr\u00f3ximo a elecciones para un periodo de cuatro a\u00f1os.<\/p>\n<p style=\"text-align: justify;\">\u201cMi mandato termina en 2015 y en este a\u00f1o se perfilar\u00e1 los posibles candidatos\u201d, dijo Segura, aunque admiti\u00f3 que es \u201cuna posibilidad\u201d que se postule para la reelecci\u00f3n. Ante esto, sostuvo que primero quiere que \u201cpase este a\u00f1o para ver y evaluar si fue un a\u00f1o bueno o malo\u201d.<\/p>\n<p style=\"text-align: justify;\">Hace algunos d\u00edas, el mandatario fue avalado un\u00e1nimemente por 50 dirigentes en una asamblea extraordinaria en AFA para terminar el a\u00f1o de mandato incompleto que dej\u00f3 el fallecido Grondona.<\/p>\n<p style=\"text-align: justify;\">Respecto a la selecci\u00f3n argentina, el presidente confirm\u00f3 que Gerardo Martino puede convocar a cualquier jugador ante la lesi\u00f3n de Marcos Rojo, y neg\u00f3 que haya pactos para no afectar a los equipos argentinos. \u201cPacto no hay, no lo hubo y no lo habr\u00e1, Martino tiene la libertad\u201d, sentenci\u00f3.<\/p>\n","protected":false},"excerpt":{"rendered":"<p>El directivo termina su mandato transitorio el a\u00f1o que viene, lugar que ocup\u00f3 tras la muerte de Julio Grondona. D\u00edas despu\u00e9s de ser elegido presidente de la AFA para finalizar el mandato inconcluso de Julio Humberto Grondona, Luis Segura asegur\u00f3 que puede ser una posibilidad presentarse el a\u00f1o pr\u00f3ximo a elecciones para un periodo de [&hellip;]<\/p>\n","protected":false},"author":15,"featured_media":23353,"comment_status":"closed","ping_status":"closed","sticky":false,"template":"","format":"standard","meta":{"_seopress_robots_primary_cat":"","_seopress_titles_title":"","_seopress_titles_desc":"","_seopress_robots_index":"","footnotes":""},"categories":[2],"tags":[94,3649],"class_list":["post-23352","post","type-post","status-publish","format-standard","has-post-thumbnail","hentry","category-futbol","tag-futbol-argentino","tag-luis-segura"],"_links":{"self":[{"href":"https:\/\/www.cordobatimes.com\/deportes\/wp-json\/wp\/v2\/posts\/23352","targetHints":{"allow":["GET"]}}],"collection":[{"href":"https:\/\/www.cordobatimes.com\/deportes\/wp-json\/wp\/v2\/posts"}],"about":[{"href":"https:\/\/www.cordobatimes.com\/deportes\/wp-json\/wp\/v2\/types\/post"}],"author":[{"embeddable":true,"href":"https:\/\/www.cordobatimes.com\/deportes\/wp-json\/wp\/v2\/users\/15"}],"replies":[{"embeddable":true,"href":"https:\/\/www.cordobatimes.com\/deportes\/wp-json\/wp\/v2\/comments?post=23352"}],"version-history":[{"count":0,"href":"https:\/\/www.cordobatimes.com\/deportes\/wp-json\/wp\/v2\/posts\/23352\/revisions"}],"wp:featuredmedia":[{"embeddable":true,"href":"https:\/\/www.cordobatimes.com\/deportes\/wp-json\/wp\/v2\/media\/23353"}],"wp:attachment":[{"href":"https:\/\/www.cordobatimes.com\/deportes\/wp-json\/wp\/v2\/media?parent=23352"}],"wp:term":[{"taxonomy":"category","embeddable":true,"href":"https:\/\/www.cordobatimes.com\/deportes\/wp-json\/wp\/v2\/categories?post=23352"},{"taxonomy":"post_tag","embeddable":true,"href":"https:\/\/www.cordobatimes.com\/deportes\/wp-json\/wp\/v2\/tags?post=23352"}],"curies":[{"name":"wp","href":"https:\/\/api.w.org\/{rel}","templated":true}]}}