{"id":23319,"date":"2014-11-03T09:22:57","date_gmt":"2014-11-03T12:22:57","guid":{"rendered":"http:\/\/www.cordobatimes.com\/deportes\/?p=23319"},"modified":"2014-11-03T09:22:57","modified_gmt":"2014-11-03T12:22:57","slug":"jugador-espanol-se-fracturo-el-craneo-en-pleno-partido-video","status":"publish","type":"post","link":"https:\/\/www.cordobatimes.com\/deportes\/futbol-internacional\/2014\/11\/03\/jugador-espanol-se-fracturo-el-craneo-en-pleno-partido-video\/","title":{"rendered":"Jugador espa\u00f1ol se fractur\u00f3 el cr\u00e1neo en pleno partido (video)"},"content":{"rendered":"<h3><strong><a href=\"http:\/\/www.cordobatimes.com\/deportes\/wp-content\/uploads\/2014\/11\/Jugador-espa\u00f1ol-se-rompi\u00f3-el-cr\u00e1neo.jpg\"><img loading=\"lazy\" decoding=\"async\" class=\"size-full wp-image-23320 aligncenter\" alt=\"Jugador espa\u00f1ol se rompi\u00f3 el cr\u00e1neo\" src=\"http:\/\/www.cordobatimes.com\/deportes\/wp-content\/uploads\/2014\/11\/Jugador-espa\u00f1ol-se-rompi\u00f3-el-cr\u00e1neo.jpg\" width=\"770\" height=\"433\" data-id=\"23320\" srcset=\"https:\/\/www.cordobatimes.com\/deportes\/wp-content\/uploads\/2014\/11\/Jugador-espa\u00f1ol-se-rompi\u00f3-el-cr\u00e1neo.jpg 770w, https:\/\/www.cordobatimes.com\/deportes\/wp-content\/uploads\/2014\/11\/Jugador-espa\u00f1ol-se-rompi\u00f3-el-cr\u00e1neo-300x168.jpg 300w\" sizes=\"auto, (max-width: 770px) 100vw, 770px\" \/><\/a><\/strong><\/h3>\n<h3 style=\"text-align: justify;\"><strong>Rafa Garc\u00eda, del Alav\u00e9s, salt\u00f3 a cabecear y choc\u00f3 con un jugador del Alcorc\u00f3n, quedando tendido en el piso. La desesperaci\u00f3n de compa\u00f1eros y hasta de jugadores rivales supon\u00eda una grave lesi\u00f3n. Fue internado y su estado de salud mejor\u00f3, por lo que su vida no corre peligro.<\/strong><\/h3>\n<p style=\"text-align: justify;\">\n<p style=\"text-align: justify;\">Tras un env\u00edo a\u00e9reo producto de un tiro de esquina, Garc\u00eda recibi\u00f3 un golpe imprevisto por parte de Vard\u00e9s, marcador central de la visita, y asust\u00f3 a m\u00e1s de uno.<\/p>\n<p style=\"text-align: justify;\">Inmediatamente\u00a0qued\u00f3 tendido e inconsciente en el suelo.\u00a0R\u00e1pidamente ingresaron los m\u00e9dicos al campo, lo subieron a la ambulancia y trasladaron de urgencia al hospital m\u00e1s cercano, donde fue internado. Qued\u00f3 en observaci\u00f3n pero su estado de salud mejor\u00f3, por lo cual ser\u00eda dado de alta en las pr\u00f3ximas horas.<\/p>\n<p>\u00a0<iframe loading=\"lazy\" src=\"\/\/www.youtube.com\/embed\/SDHrn7SXHaA\" height=\"315\" width=\"560\" allowfullscreen=\"\" frameborder=\"0\"><\/iframe><\/p>\n","protected":false},"excerpt":{"rendered":"<p>Rafa Garc\u00eda, del Alav\u00e9s, salt\u00f3 a cabecear y choc\u00f3 con un jugador del Alcorc\u00f3n, quedando tendido en el piso. La desesperaci\u00f3n de compa\u00f1eros y hasta de jugadores rivales supon\u00eda una grave lesi\u00f3n. Fue internado y su estado de salud mejor\u00f3, por lo que su vida no corre peligro. Tras un env\u00edo a\u00e9reo producto de un [&hellip;]<\/p>\n","protected":false},"author":2,"featured_media":23320,"comment_status":"closed","ping_status":"closed","sticky":false,"template":"","format":"standard","meta":{"_seopress_robots_primary_cat":"","_seopress_titles_title":"","_seopress_titles_desc":"","_seopress_robots_index":"","footnotes":""},"categories":[18],"tags":[4345,4344,80],"class_list":{"0":"post-23319","1":"post","2":"type-post","3":"status-publish","4":"format-standard","5":"has-post-thumbnail","6":"hentry","7":"category-futbol-internacional","8":"tag-alaves-alcorcon-lesion-de-rafa-garcia","10":"tag-video"},"_links":{"self":[{"href":"https:\/\/www.cordobatimes.com\/deportes\/wp-json\/wp\/v2\/posts\/23319","targetHints":{"allow":["GET"]}}],"collection":[{"href":"https:\/\/www.cordobatimes.com\/deportes\/wp-json\/wp\/v2\/posts"}],"about":[{"href":"https:\/\/www.cordobatimes.com\/deportes\/wp-json\/wp\/v2\/types\/post"}],"author":[{"embeddable":true,"href":"https:\/\/www.cordobatimes.com\/deportes\/wp-json\/wp\/v2\/users\/2"}],"replies":[{"embeddable":true,"href":"https:\/\/www.cordobatimes.com\/deportes\/wp-json\/wp\/v2\/comments?post=23319"}],"version-history":[{"count":0,"href":"https:\/\/www.cordobatimes.com\/deportes\/wp-json\/wp\/v2\/posts\/23319\/revisions"}],"wp:featuredmedia":[{"embeddable":true,"href":"https:\/\/www.cordobatimes.com\/deportes\/wp-json\/wp\/v2\/media\/23320"}],"wp:attachment":[{"href":"https:\/\/www.cordobatimes.com\/deportes\/wp-json\/wp\/v2\/media?parent=23319"}],"wp:term":[{"taxonomy":"category","embeddable":true,"href":"https:\/\/www.cordobatimes.com\/deportes\/wp-json\/wp\/v2\/categories?post=23319"},{"taxonomy":"post_tag","embeddable":true,"href":"https:\/\/www.cordobatimes.com\/deportes\/wp-json\/wp\/v2\/tags?post=23319"}],"curies":[{"name":"wp","href":"https:\/\/api.w.org\/{rel}","templated":true}]}}