{"id":23304,"date":"2014-11-03T08:48:57","date_gmt":"2014-11-03T11:48:57","guid":{"rendered":"http:\/\/www.cordobatimes.com\/deportes\/?p=23304"},"modified":"2014-11-03T13:21:57","modified_gmt":"2014-11-03T16:21:57","slug":"dybala-hizo-un-golazo-en-otra-victoria-del-palermo","status":"publish","type":"post","link":"https:\/\/www.cordobatimes.com\/deportes\/futbol-internacional\/2014\/11\/03\/dybala-hizo-un-golazo-en-otra-victoria-del-palermo\/","title":{"rendered":"Dybala hizo un golazo en otra victoria del Palermo"},"content":{"rendered":"<h3><strong><a href=\"http:\/\/www.cordobatimes.com\/deportes\/wp-content\/uploads\/2014\/11\/Dybala-Palermo-gol-a-Mil\u00e1n.jpg\"><img loading=\"lazy\" decoding=\"async\" class=\"size-full wp-image-23305 aligncenter\" alt=\"Dybala Palermo gol a Mil\u00e1n\" src=\"http:\/\/www.cordobatimes.com\/deportes\/wp-content\/uploads\/2014\/11\/Dybala-Palermo-gol-a-Mil\u00e1n.jpg\" width=\"690\" height=\"516\" data-id=\"23305\" srcset=\"https:\/\/www.cordobatimes.com\/deportes\/wp-content\/uploads\/2014\/11\/Dybala-Palermo-gol-a-Mil\u00e1n.jpg 690w, https:\/\/www.cordobatimes.com\/deportes\/wp-content\/uploads\/2014\/11\/Dybala-Palermo-gol-a-Mil\u00e1n-300x224.jpg 300w\" sizes=\"auto, (max-width: 690px) 100vw, 690px\" \/><\/a><\/strong><\/h3>\n<h3 style=\"text-align: justify;\"><strong>El ex delantero de Instituto convirti\u00f3 el segundo del 2-0 final de su equipo sobre Mil\u00e1n, nada m\u00e1s y nada menos que en el Giuseppe Meazza. Franco &#8220;Mudo&#8221; V\u00e1zquez tambi\u00e9n fue titular. Mir\u00e1 la conquista.<\/strong><\/h3>\n<p style=\"text-align: justify;\">\n<p style=\"text-align: justify;\">Paulo Dybala, ese juvenil que deleit\u00f3 a todos por Alta C\u00f3rdoba durante el ciclo de Dar\u00edo Franco como DT, comenz\u00f3 esta temporada de la mejor manera. En lo que va de la presente edici\u00f3n de la serie A convirti\u00f3, con el de este fin de semana, su tercer tanto y est\u00e1 mostrando un gran nivel.<\/p>\n<p style=\"text-align: justify;\">En el triunfo como visitante de Palermo ante Mil\u00e1n, el zurdo dej\u00f3 en el camino al colombiano Cristian Zapata y cruz\u00f3 su disparo cerca del \u00e1ngulo del arquero rival, poniendo cifras definitivas para una gran victoria de su equipo.<\/p>\n<p style=\"text-align: justify;\">Te dejamos el video:<\/p>\n<p>\u00a0<iframe loading=\"lazy\" src=\"\/\/www.youtube.com\/embed\/2P_xH5zu8ko\" height=\"315\" width=\"560\" allowfullscreen=\"\" frameborder=\"0\"><\/iframe><\/p>\n","protected":false},"excerpt":{"rendered":"<p>El ex delantero de Instituto convirti\u00f3 el segundo del 2-0 final de su equipo sobre Mil\u00e1n, nada m\u00e1s y nada menos que en el Giuseppe Meazza. Franco &#8220;Mudo&#8221; V\u00e1zquez tambi\u00e9n fue titular. Mir\u00e1 la conquista. Paulo Dybala, ese juvenil que deleit\u00f3 a todos por Alta C\u00f3rdoba durante el ciclo de Dar\u00edo Franco como DT, comenz\u00f3 [&hellip;]<\/p>\n","protected":false},"author":2,"featured_media":23305,"comment_status":"closed","ping_status":"closed","sticky":false,"template":"","format":"standard","meta":{"_seopress_robots_primary_cat":"","_seopress_titles_title":"","_seopress_titles_desc":"","_seopress_robots_index":"","footnotes":""},"categories":[18],"tags":[4341,4342,533,409,948],"class_list":["post-23304","post","type-post","status-publish","format-standard","has-post-thumbnail","hentry","category-futbol-internacional","tag-dybala","tag-giuseppe-meazza","tag-italia","tag-milan","tag-palermo"],"_links":{"self":[{"href":"https:\/\/www.cordobatimes.com\/deportes\/wp-json\/wp\/v2\/posts\/23304","targetHints":{"allow":["GET"]}}],"collection":[{"href":"https:\/\/www.cordobatimes.com\/deportes\/wp-json\/wp\/v2\/posts"}],"about":[{"href":"https:\/\/www.cordobatimes.com\/deportes\/wp-json\/wp\/v2\/types\/post"}],"author":[{"embeddable":true,"href":"https:\/\/www.cordobatimes.com\/deportes\/wp-json\/wp\/v2\/users\/2"}],"replies":[{"embeddable":true,"href":"https:\/\/www.cordobatimes.com\/deportes\/wp-json\/wp\/v2\/comments?post=23304"}],"version-history":[{"count":0,"href":"https:\/\/www.cordobatimes.com\/deportes\/wp-json\/wp\/v2\/posts\/23304\/revisions"}],"wp:featuredmedia":[{"embeddable":true,"href":"https:\/\/www.cordobatimes.com\/deportes\/wp-json\/wp\/v2\/media\/23305"}],"wp:attachment":[{"href":"https:\/\/www.cordobatimes.com\/deportes\/wp-json\/wp\/v2\/media?parent=23304"}],"wp:term":[{"taxonomy":"category","embeddable":true,"href":"https:\/\/www.cordobatimes.com\/deportes\/wp-json\/wp\/v2\/categories?post=23304"},{"taxonomy":"post_tag","embeddable":true,"href":"https:\/\/www.cordobatimes.com\/deportes\/wp-json\/wp\/v2\/tags?post=23304"}],"curies":[{"name":"wp","href":"https:\/\/api.w.org\/{rel}","templated":true}]}}