{"id":23301,"date":"2014-11-03T08:35:03","date_gmt":"2014-11-03T11:35:03","guid":{"rendered":"http:\/\/www.cordobatimes.com\/deportes\/?p=23301"},"modified":"2014-11-03T08:35:03","modified_gmt":"2014-11-03T11:35:03","slug":"afa-confimo-la-fecha-en-que-se-disputaran-los-partidos-suspendidos","status":"publish","type":"post","link":"https:\/\/www.cordobatimes.com\/deportes\/futbol\/2014\/11\/03\/afa-confimo-la-fecha-en-que-se-disputaran-los-partidos-suspendidos\/","title":{"rendered":"AFA confim\u00f3 la fecha en que se disputar\u00e1n los partidos suspendidos"},"content":{"rendered":"<h3><strong><a href=\"http:\/\/www.cordobatimes.com\/deportes\/wp-content\/uploads\/2014\/11\/Lluvia.jpg\"><img loading=\"lazy\" decoding=\"async\" class=\"size-full wp-image-23302 aligncenter\" alt=\"Lluvia\" src=\"http:\/\/www.cordobatimes.com\/deportes\/wp-content\/uploads\/2014\/11\/Lluvia.jpg\" width=\"970\" height=\"500\" data-id=\"23302\" srcset=\"https:\/\/www.cordobatimes.com\/deportes\/wp-content\/uploads\/2014\/11\/Lluvia.jpg 970w, https:\/\/www.cordobatimes.com\/deportes\/wp-content\/uploads\/2014\/11\/Lluvia-300x154.jpg 300w\" sizes=\"auto, (max-width: 970px) 100vw, 970px\" \/><\/a><\/strong><\/h3>\n<h3 style=\"text-align: justify;\"><strong>Arsenal-Independiente, River-Estudiantes y el tiempo restante de Tigre-Lan\u00fas se llevar\u00e1n a cabo el mi\u00e9rcoles 12 de noviembre. Aun resta definir el horario. El Millonario sufrir\u00eda las bajas de Teo Guti\u00e9rrez, \u00c1lvarez Balanta y Vangioni, ya que se trata de una fecha FIFA.<\/strong><\/h3>\n<p style=\"text-align: justify;\">\n<p style=\"text-align: justify;\">Luego de verse obligados a suspender dos encuentros completos y 45` de otro, el Comit\u00e9 Ejecutivo hizo oficial una versi\u00f3n que daba cuenta del d\u00eda en que deb\u00edan jugarse. Es que tanto Estudiantes como River se encuentran disputando Copa Sudamericana y la \u00fanica semana que tendr\u00edan libre es la del 12 de este mes, por lo cual los directivos tomaron una decisi\u00f3n inteligente al respecto.<\/p>\n<p style=\"text-align: justify;\">En relaci\u00f3n a los horarios, todav\u00eda no hicieron p\u00fablica la confirmaci\u00f3n pese a que una tentativa habla de las 18 horas para Tigre-Lan\u00fas, 19.10 los de N\u00fa\u00f1ez con el Pincha y 21.30 para Arsenal e Independiente.<\/p>\n<p style=\"text-align: justify;\">Ese mismo d\u00eda, Argentina estar\u00e1 enfrentando a Croacia como parte de la nueva gira disputada por la selecci\u00f3n del Tata Martino. La lesi\u00f3n de Marcos Rojo en Inglaterra llevar\u00eda a que el DT convoque a Leonel Vangioni, dejando a River sin una de sus figuras. Otros dos que partir\u00edan con su combinado nacional ser\u00edan \u00c9der \u00c1lvarez Balanta y Te\u00e9filo Guti\u00e9rrez, otras bajas sensibles para el l\u00edder del campeonato.<\/p>\n","protected":false},"excerpt":{"rendered":"<p>Arsenal-Independiente, River-Estudiantes y el tiempo restante de Tigre-Lan\u00fas se llevar\u00e1n a cabo el mi\u00e9rcoles 12 de noviembre. Aun resta definir el horario. El Millonario sufrir\u00eda las bajas de Teo Guti\u00e9rrez, \u00c1lvarez Balanta y Vangioni, ya que se trata de una fecha FIFA. Luego de verse obligados a suspender dos encuentros completos y 45` de otro, [&hellip;]<\/p>\n","protected":false},"author":2,"featured_media":23302,"comment_status":"closed","ping_status":"closed","sticky":false,"template":"","format":"standard","meta":{"_seopress_robots_primary_cat":"","_seopress_titles_title":"","_seopress_titles_desc":"","_seopress_robots_index":"","footnotes":""},"categories":[2],"tags":[33,71,113,4340,65,73,3584,74,312,3150],"class_list":["post-23301","post","type-post","status-publish","format-standard","has-post-thumbnail","hentry","category-futbol","tag-afa","tag-arsenal","tag-estudiantes","tag-fecha-de-partidos-postergados","tag-independiente","tag-lanus","tag-lluvia","tag-river","tag-tigre","tag-torneo-de-transicion"],"_links":{"self":[{"href":"https:\/\/www.cordobatimes.com\/deportes\/wp-json\/wp\/v2\/posts\/23301","targetHints":{"allow":["GET"]}}],"collection":[{"href":"https:\/\/www.cordobatimes.com\/deportes\/wp-json\/wp\/v2\/posts"}],"about":[{"href":"https:\/\/www.cordobatimes.com\/deportes\/wp-json\/wp\/v2\/types\/post"}],"author":[{"embeddable":true,"href":"https:\/\/www.cordobatimes.com\/deportes\/wp-json\/wp\/v2\/users\/2"}],"replies":[{"embeddable":true,"href":"https:\/\/www.cordobatimes.com\/deportes\/wp-json\/wp\/v2\/comments?post=23301"}],"version-history":[{"count":0,"href":"https:\/\/www.cordobatimes.com\/deportes\/wp-json\/wp\/v2\/posts\/23301\/revisions"}],"wp:featuredmedia":[{"embeddable":true,"href":"https:\/\/www.cordobatimes.com\/deportes\/wp-json\/wp\/v2\/media\/23302"}],"wp:attachment":[{"href":"https:\/\/www.cordobatimes.com\/deportes\/wp-json\/wp\/v2\/media?parent=23301"}],"wp:term":[{"taxonomy":"category","embeddable":true,"href":"https:\/\/www.cordobatimes.com\/deportes\/wp-json\/wp\/v2\/categories?post=23301"},{"taxonomy":"post_tag","embeddable":true,"href":"https:\/\/www.cordobatimes.com\/deportes\/wp-json\/wp\/v2\/tags?post=23301"}],"curies":[{"name":"wp","href":"https:\/\/api.w.org\/{rel}","templated":true}]}}