{"id":23110,"date":"2014-10-31T00:01:17","date_gmt":"2014-10-31T03:01:17","guid":{"rendered":"http:\/\/www.cordobatimes.com\/deportes\/?p=23110"},"modified":"2014-10-31T15:32:12","modified_gmt":"2014-10-31T18:32:12","slug":"talleres-no-esta-feliz-cronica-de-la-caida-albiazul-en-mar-del-plata","status":"publish","type":"post","link":"https:\/\/www.cordobatimes.com\/deportes\/futbol\/2014\/10\/31\/talleres-no-esta-feliz-cronica-de-la-caida-albiazul-en-mar-del-plata\/","title":{"rendered":"Talleres no est\u00e1 feliz: cr\u00f3nica de la ca\u00edda albiazul en Mar del Plata"},"content":{"rendered":"<h3 style=\"text-align: justify;\" align=\"center\"><strong><a href=\"http:\/\/www.cordobatimes.com\/deportes\/wp-content\/uploads\/2014\/10\/Talleres5.jpg\"><img loading=\"lazy\" decoding=\"async\" class=\"size-full wp-image-23116 aligncenter\" alt=\"Talleres\" src=\"http:\/\/www.cordobatimes.com\/deportes\/wp-content\/uploads\/2014\/10\/Talleres5.jpg\" width=\"633\" height=\"270\" data-id=\"23116\" srcset=\"https:\/\/www.cordobatimes.com\/deportes\/wp-content\/uploads\/2014\/10\/Talleres5.jpg 633w, https:\/\/www.cordobatimes.com\/deportes\/wp-content\/uploads\/2014\/10\/Talleres5-300x127.jpg 300w\" sizes=\"auto, (max-width: 633px) 100vw, 633px\" \/><\/a><\/strong><\/h3>\n<h3 style=\"text-align: justify;\" align=\"center\"><strong>El equipo de \u00c1ngel Guillermo Hoyos perdi\u00f3 3 a 1 con Uni\u00f3n, por lo que ya no depende de si mismo para ascender a la B Nacional.<\/strong><\/h3>\n<p style=\"text-align: justify;\"><strong>\u00a0<\/strong><\/p>\n<p style=\"text-align: justify;\">Talleres, que venia de ganarle a Ferro de Pico en condici\u00f3n de local por 4 a 0, no supo capitalizar esta levantada futbol\u00edstica y sufri\u00f3 una dura ca\u00edda que complica el panorama de cara a lo que viene en la zona 5 del Torneo Federal A. M\u00e1s all\u00e1 de la derrota, la se\u00f1al de alerta fue el bajo nivel que mostr\u00f3.<\/p>\n<p style=\"text-align: justify;\">Por el lado de Uni\u00f3n, se vio un equipo s\u00f3lido que, a trav\u00e9s de Lucas De Francesco,\u00a0logr\u00f3 marcar el 1 a 0 a los 33 min. del primer tiempo. Ya en el complemento, la T pareci\u00f3 salir con otra actitud y cont\u00f3 con un par de chances para llegar al empate. Sin embargo, los marplatenses supieron aprovechar las situaciones de contra y tras dos graves errores de uruguayo Schenone Paz,\u00a0Joel Amoroso\u00a0 transform\u00f3 en goles a los 19 y 36 minutos del segundo tiempo. Ya en el final del partido y como para decorar el resultado, el propio Schenone Paz logro descontar con un cabezazo tras un tiro de esquina desde la derecha.<\/p>\n<p style=\"text-align: justify;\">Con este resultado, Uni\u00f3n qued\u00f3 como \u00fanico l\u00edder de la zona 5 con 22 puntos, mas abajo viene Talleres con 20, al igual que Libertad de Sunchales que perdi\u00f3 frente a Tiro Federal.<\/p>\n<p style=\"text-align: justify;\"><span style=\"text-decoration: underline;\">Lo que viene<\/span><\/p>\n<p style=\"text-align: justify;\">Luego del partido, el conjunto de Barrio Jard\u00edn regres\u00f3 a Buenos Aires para entrenarse en el predio de Defensa y Justicia. Entre idas y vueltas, jugar\u00e1 finalmente el pr\u00f3ximo martes a las 21 hs ante Defensores de Belgrano de Villa Ramallo, que har\u00e1 de local en su estadio.<\/p>\n<p style=\"text-align: justify;\">\n<h2 style=\"text-align: justify;\"><strong>Por Nicol\u00e1s Cardone<\/strong><\/h2>\n","protected":false},"excerpt":{"rendered":"<p>El equipo de \u00c1ngel Guillermo Hoyos perdi\u00f3 3 a 1 con Uni\u00f3n, por lo que ya no depende de si mismo para ascender a la B Nacional. \u00a0 Talleres, que venia de ganarle a Ferro de Pico en condici\u00f3n de local por 4 a 0, no supo capitalizar esta levantada futbol\u00edstica y sufri\u00f3 una dura [&hellip;]<\/p>\n","protected":false},"author":2,"featured_media":23116,"comment_status":"closed","ping_status":"closed","sticky":false,"template":"","format":"standard","meta":{"_seopress_robots_primary_cat":"","_seopress_titles_title":"","_seopress_titles_desc":"","_seopress_robots_index":"","footnotes":""},"categories":[2],"tags":[33,3887,3658,40,3486],"class_list":["post-23110","post","type-post","status-publish","format-standard","has-post-thumbnail","hentry","category-futbol","tag-afa","tag-cronica","tag-federal-a","tag-talleres","tag-union-de-mar-del-plata"],"_links":{"self":[{"href":"https:\/\/www.cordobatimes.com\/deportes\/wp-json\/wp\/v2\/posts\/23110","targetHints":{"allow":["GET"]}}],"collection":[{"href":"https:\/\/www.cordobatimes.com\/deportes\/wp-json\/wp\/v2\/posts"}],"about":[{"href":"https:\/\/www.cordobatimes.com\/deportes\/wp-json\/wp\/v2\/types\/post"}],"author":[{"embeddable":true,"href":"https:\/\/www.cordobatimes.com\/deportes\/wp-json\/wp\/v2\/users\/2"}],"replies":[{"embeddable":true,"href":"https:\/\/www.cordobatimes.com\/deportes\/wp-json\/wp\/v2\/comments?post=23110"}],"version-history":[{"count":0,"href":"https:\/\/www.cordobatimes.com\/deportes\/wp-json\/wp\/v2\/posts\/23110\/revisions"}],"wp:featuredmedia":[{"embeddable":true,"href":"https:\/\/www.cordobatimes.com\/deportes\/wp-json\/wp\/v2\/media\/23116"}],"wp:attachment":[{"href":"https:\/\/www.cordobatimes.com\/deportes\/wp-json\/wp\/v2\/media?parent=23110"}],"wp:term":[{"taxonomy":"category","embeddable":true,"href":"https:\/\/www.cordobatimes.com\/deportes\/wp-json\/wp\/v2\/categories?post=23110"},{"taxonomy":"post_tag","embeddable":true,"href":"https:\/\/www.cordobatimes.com\/deportes\/wp-json\/wp\/v2\/tags?post=23110"}],"curies":[{"name":"wp","href":"https:\/\/api.w.org\/{rel}","templated":true}]}}