{"id":23078,"date":"2014-10-31T12:21:42","date_gmt":"2014-10-31T15:21:42","guid":{"rendered":"http:\/\/www.cordobatimes.com\/deportes\/?p=23078"},"modified":"2014-10-31T12:21:42","modified_gmt":"2014-10-31T15:21:42","slug":"a-traves-de-un-video-maradona-agradecio-los-saludos-por-su-cumpleanos-54","status":"publish","type":"post","link":"https:\/\/www.cordobatimes.com\/deportes\/futbol-internacional\/2014\/10\/31\/a-traves-de-un-video-maradona-agradecio-los-saludos-por-su-cumpleanos-54\/","title":{"rendered":"A trav\u00e9s de un video, Maradona agradeci\u00f3 los saludos por su cumplea\u00f1os 54"},"content":{"rendered":"<h3><strong><a href=\"http:\/\/www.cordobatimes.com\/deportes\/wp-content\/uploads\/2014\/10\/Maradona.jpg\"><img loading=\"lazy\" decoding=\"async\" class=\"size-full wp-image-23079 aligncenter\" alt=\"Maradona\" src=\"http:\/\/www.cordobatimes.com\/deportes\/wp-content\/uploads\/2014\/10\/Maradona.jpg\" width=\"758\" height=\"530\" data-id=\"23079\" srcset=\"https:\/\/www.cordobatimes.com\/deportes\/wp-content\/uploads\/2014\/10\/Maradona.jpg 758w, https:\/\/www.cordobatimes.com\/deportes\/wp-content\/uploads\/2014\/10\/Maradona-300x209.jpg 300w\" sizes=\"auto, (max-width: 758px) 100vw, 758px\" \/><\/a><\/strong><\/h3>\n<h3 style=\"text-align: justify;\"><strong>Ayer, 30 de octubre, uno de los mejores jugadores de todos los tiempos cumpli\u00f3 un nuevo a\u00f1o y todos los rincones del mundo enviaron sus felicitaciones. Para devolver tanto cari\u00f1o, el 10 public\u00f3 un video donde saluda a sus fan\u00e1ticos. Miralo ac\u00e1.<\/strong><\/h3>\n<p style=\"text-align: justify;\">\n<p style=\"text-align: justify;\">Al ex DT de la selecci\u00f3n se lo not\u00f3 emocionado y con cierto pesar por no haber podido compartir el d\u00eda junto a sus hijos y Benjam\u00edn, primer nieto. Igualmente dijo que &#8220;todos estaban pendientes de \u00e9l&#8221;, lo cual hizo sentirlo un poco mejor.<\/p>\n<p style=\"text-align: justify;\">Te dejamos el video:<\/p>\n<p>\u00a0<iframe loading=\"lazy\" src=\"\/\/www.youtube.com\/embed\/TwCjDNwQbbc\" height=\"315\" width=\"420\" allowfullscreen=\"\" frameborder=\"0\"><\/iframe><\/p>\n","protected":false},"excerpt":{"rendered":"<p>Ayer, 30 de octubre, uno de los mejores jugadores de todos los tiempos cumpli\u00f3 un nuevo a\u00f1o y todos los rincones del mundo enviaron sus felicitaciones. Para devolver tanto cari\u00f1o, el 10 public\u00f3 un video donde saluda a sus fan\u00e1ticos. Miralo ac\u00e1. Al ex DT de la selecci\u00f3n se lo not\u00f3 emocionado y con cierto [&hellip;]<\/p>\n","protected":false},"author":2,"featured_media":23079,"comment_status":"closed","ping_status":"closed","sticky":false,"template":"","format":"standard","meta":{"_seopress_robots_primary_cat":"","_seopress_titles_title":"","_seopress_titles_desc":"","_seopress_robots_index":"","footnotes":""},"categories":[18],"tags":[4315,1012,1932,4314,4313,4311,4312,80],"class_list":["post-23078","post","type-post","status-publish","format-standard","has-post-thumbnail","hentry","category-futbol-internacional","tag-benja","tag-dalma","tag-diego-maradona","tag-dieguito","tag-giannina","tag-maradona-agradecio-por-su-cumpleanos","tag-rocio-oliva","tag-video"],"_links":{"self":[{"href":"https:\/\/www.cordobatimes.com\/deportes\/wp-json\/wp\/v2\/posts\/23078","targetHints":{"allow":["GET"]}}],"collection":[{"href":"https:\/\/www.cordobatimes.com\/deportes\/wp-json\/wp\/v2\/posts"}],"about":[{"href":"https:\/\/www.cordobatimes.com\/deportes\/wp-json\/wp\/v2\/types\/post"}],"author":[{"embeddable":true,"href":"https:\/\/www.cordobatimes.com\/deportes\/wp-json\/wp\/v2\/users\/2"}],"replies":[{"embeddable":true,"href":"https:\/\/www.cordobatimes.com\/deportes\/wp-json\/wp\/v2\/comments?post=23078"}],"version-history":[{"count":0,"href":"https:\/\/www.cordobatimes.com\/deportes\/wp-json\/wp\/v2\/posts\/23078\/revisions"}],"wp:featuredmedia":[{"embeddable":true,"href":"https:\/\/www.cordobatimes.com\/deportes\/wp-json\/wp\/v2\/media\/23079"}],"wp:attachment":[{"href":"https:\/\/www.cordobatimes.com\/deportes\/wp-json\/wp\/v2\/media?parent=23078"}],"wp:term":[{"taxonomy":"category","embeddable":true,"href":"https:\/\/www.cordobatimes.com\/deportes\/wp-json\/wp\/v2\/categories?post=23078"},{"taxonomy":"post_tag","embeddable":true,"href":"https:\/\/www.cordobatimes.com\/deportes\/wp-json\/wp\/v2\/tags?post=23078"}],"curies":[{"name":"wp","href":"https:\/\/api.w.org\/{rel}","templated":true}]}}