{"id":22987,"date":"2014-10-29T15:55:12","date_gmt":"2014-10-29T18:55:12","guid":{"rendered":"http:\/\/www.cordobatimes.com\/deportes\/?p=22987"},"modified":"2014-10-29T15:55:12","modified_gmt":"2014-10-29T18:55:12","slug":"instituto-damian-schmidt-cerca-de-renovar","status":"publish","type":"post","link":"https:\/\/www.cordobatimes.com\/deportes\/futbol\/2014\/10\/29\/instituto-damian-schmidt-cerca-de-renovar\/","title":{"rendered":"Instituto: Dami\u00e1n Schmidt cerca de renovar"},"content":{"rendered":"<p style=\"text-align: center;\"><a href=\"http:\/\/www.cordobatimes.com\/deportes\/wp-content\/uploads\/2014\/10\/damian-final.jpg\"><img loading=\"lazy\" decoding=\"async\" class=\"size-full wp-image-22988 aligncenter\" alt=\"damian final\" src=\"http:\/\/www.cordobatimes.com\/deportes\/wp-content\/uploads\/2014\/10\/damian-final.jpg\" width=\"742\" height=\"396\" data-id=\"22988\" srcset=\"https:\/\/www.cordobatimes.com\/deportes\/wp-content\/uploads\/2014\/10\/damian-final.jpg 742w, https:\/\/www.cordobatimes.com\/deportes\/wp-content\/uploads\/2014\/10\/damian-final-300x160.jpg 300w\" sizes=\"auto, (max-width: 742px) 100vw, 742px\" \/><\/a><\/p>\n<h3 style=\"text-align: justify;\"><b>Las negociaciones con el defensor pampeano llegar\u00edan a buen puerto. Tambi\u00e9n est\u00e1n negociando con Correa, quien contin\u00faa sin firmar.<\/b><\/h3>\n<p style=\"text-align: justify;\">\n<p style=\"text-align: justify;\">\n<p style=\"text-align: justify;\">La comisi\u00f3n directiva albirroja trabaja para renovar los contratos a los jugadores surgidos de las inferiores. Hace una semana fueron Brian Olivera\u00a0 y Christian Bernardi quienes renovaron su v\u00ednculo con la instituci\u00f3n hasta diciembre de 2016. Restan extender los v\u00ednculos de Dim\u00edan Schmidt, Maximiliano Correa y Mate Garc\u00eda.<\/p>\n<p style=\"text-align: justify;\">En el caso del defensor, quien semanas atr\u00e1s parec\u00eda estar m\u00e1s afuera que adentro, est\u00e1 cerca de cerrar el nuevo contrato, seg\u00fan lo manifest\u00f3 Ricardo Morellato, presidente de la Gloria.<\/p>\n<p style=\"text-align: justify;\">Nicol\u00e1s Dattas, representante del jugador, confirm\u00f3 que las negociaciones van por buen camino: \u201cTenemos una idea de lo que quiere cada uno. La oferta que hizo el club es buena, pero faltan definir otras cuestiones anexas al sueldo como qui\u00e9n se hace cargo de los impuestos del contrato, cl\u00e1usula de rescisi\u00f3n y dem\u00e1s\u201d.<\/p>\n<p style=\"text-align: justify;\">Recordemos que ene l \u00faltimo mercado de pases, la comisi\u00f3n directiva rechazo una oferta de 2 millones de pesos por el 50 por ciento del pase del jugador.<\/p>\n<p style=\"text-align: justify;\">Caso similar suceder\u00eda con Correa y Garc\u00eda, ambos representados por Luis Grillo, ya que las charlas van encaminadas y en el transcurso de la semana podr\u00eda haber noticias positivas para el mundo Instituto.<\/p>\n","protected":false},"excerpt":{"rendered":"<p>Las negociaciones con el defensor pampeano llegar\u00edan a buen puerto. Tambi\u00e9n est\u00e1n negociando con Correa, quien contin\u00faa sin firmar. La comisi\u00f3n directiva albirroja trabaja para renovar los contratos a los jugadores surgidos de las inferiores. Hace una semana fueron Brian Olivera\u00a0 y Christian Bernardi quienes renovaron su v\u00ednculo con la instituci\u00f3n hasta diciembre de 2016. [&hellip;]<\/p>\n","protected":false},"author":15,"featured_media":22988,"comment_status":"closed","ping_status":"closed","sticky":false,"template":"","format":"standard","meta":{"_seopress_robots_primary_cat":"","_seopress_titles_title":"","_seopress_titles_desc":"","_seopress_robots_index":"","footnotes":""},"categories":[2,17],"tags":[34,3766,35],"class_list":["post-22987","post","type-post","status-publish","format-standard","has-post-thumbnail","hentry","category-futbol","category-nacional-b","tag-b-nacional","tag-damian-schmidt","tag-instituto"],"_links":{"self":[{"href":"https:\/\/www.cordobatimes.com\/deportes\/wp-json\/wp\/v2\/posts\/22987","targetHints":{"allow":["GET"]}}],"collection":[{"href":"https:\/\/www.cordobatimes.com\/deportes\/wp-json\/wp\/v2\/posts"}],"about":[{"href":"https:\/\/www.cordobatimes.com\/deportes\/wp-json\/wp\/v2\/types\/post"}],"author":[{"embeddable":true,"href":"https:\/\/www.cordobatimes.com\/deportes\/wp-json\/wp\/v2\/users\/15"}],"replies":[{"embeddable":true,"href":"https:\/\/www.cordobatimes.com\/deportes\/wp-json\/wp\/v2\/comments?post=22987"}],"version-history":[{"count":0,"href":"https:\/\/www.cordobatimes.com\/deportes\/wp-json\/wp\/v2\/posts\/22987\/revisions"}],"wp:featuredmedia":[{"embeddable":true,"href":"https:\/\/www.cordobatimes.com\/deportes\/wp-json\/wp\/v2\/media\/22988"}],"wp:attachment":[{"href":"https:\/\/www.cordobatimes.com\/deportes\/wp-json\/wp\/v2\/media?parent=22987"}],"wp:term":[{"taxonomy":"category","embeddable":true,"href":"https:\/\/www.cordobatimes.com\/deportes\/wp-json\/wp\/v2\/categories?post=22987"},{"taxonomy":"post_tag","embeddable":true,"href":"https:\/\/www.cordobatimes.com\/deportes\/wp-json\/wp\/v2\/tags?post=22987"}],"curies":[{"name":"wp","href":"https:\/\/api.w.org\/{rel}","templated":true}]}}