{"id":22755,"date":"2014-10-26T11:26:17","date_gmt":"2014-10-26T14:26:17","guid":{"rendered":"http:\/\/www.cordobatimes.com\/deportes\/?p=22755"},"modified":"2014-10-26T11:28:20","modified_gmt":"2014-10-26T14:28:20","slug":"historica-consagracion-de-pechito-lopez-en-el-wtcc","status":"publish","type":"post","link":"https:\/\/www.cordobatimes.com\/deportes\/automovilismo\/2014\/10\/26\/historica-consagracion-de-pechito-lopez-en-el-wtcc\/","title":{"rendered":"Hist\u00f3rica consagraci\u00f3n de Pechito L\u00f3pez en el WTCC"},"content":{"rendered":"<p><a href=\"http:\/\/www.cordobatimes.com\/deportes\/wp-content\/uploads\/2014\/10\/0011365497.jpg\"><img loading=\"lazy\" decoding=\"async\" class=\"size-full wp-image-22756 aligncenter\" alt=\"0011365497\" src=\"http:\/\/www.cordobatimes.com\/deportes\/wp-content\/uploads\/2014\/10\/0011365497.jpg\" width=\"770\" height=\"433\" data-id=\"22756\" srcset=\"https:\/\/www.cordobatimes.com\/deportes\/wp-content\/uploads\/2014\/10\/0011365497.jpg 770w, https:\/\/www.cordobatimes.com\/deportes\/wp-content\/uploads\/2014\/10\/0011365497-300x168.jpg 300w\" sizes=\"auto, (max-width: 770px) 100vw, 770px\" \/><\/a><\/p>\n<h3 style=\"text-align: justify;\"><strong>El argentino triunf\u00f3 en Suzuka y gan\u00f3 un titulo mundial de automovilismo desde el quinto t\u00edtulo de F1 conseguido por Juan Manuel Fangio<\/strong><\/h3>\n<h3 style=\"text-align: justify;\"><\/h3>\n<p>&nbsp;<\/p>\n<p>El cordob\u00e9s Jos\u00e9 Mar\u00eda &#8220;Pechito&#8221; L\u00f3pez, a bordo de un Citroen C-Elisee, gan\u00f3 la onceava carrera en el circuito de Suzuka y un argentino volvi\u00f3 a ser campe\u00f3n del mundo en automovilismo. Tambi\u00e9n es el primer campeonato para un latinoamericano desde el tricampeonato de F1 que obtuvo Ayrton Senna en 1991.<\/p>\n<p style=\"text-align: justify;\">L\u00f3pez hab\u00eda arrancado desde la pole position se encontraba a 94 puntos de su &#8220;coequiper&#8221; y escolta, el actual campe\u00f3n alem\u00e1n Yvan Muller, quienabandon\u00f3 a mitad de la carrera, asegurando el campeonato para el cordob\u00e9s.<\/p>\n<p style=\"text-align: justify;\">El corredor nacido en R\u00edo Tercero result\u00f3 ganador en nueve carreras en su primera temporada en el WTCC y se aseguraba el campeonato si terminaba entre los cuatro primeros de la competencia inicial de la jornada, disputada a once giros.<\/p>\n<p>&nbsp;<\/p>\n<p><iframe loading=\"lazy\" src=\"\/\/www.youtube.com\/embed\/jBm_T8Nq-gg\" height=\"315\" width=\"100%\" allowfullscreen=\"\" frameborder=\"0\"><\/iframe><\/p>\n","protected":false},"excerpt":{"rendered":"<p>El argentino triunf\u00f3 en Suzuka y gan\u00f3 un titulo mundial de automovilismo desde el quinto t\u00edtulo de F1 conseguido por Juan Manuel Fangio &nbsp; El cordob\u00e9s Jos\u00e9 Mar\u00eda &#8220;Pechito&#8221; L\u00f3pez, a bordo de un Citroen C-Elisee, gan\u00f3 la onceava carrera en el circuito de Suzuka y un argentino volvi\u00f3 a ser campe\u00f3n del mundo en [&hellip;]<\/p>\n","protected":false},"author":20,"featured_media":22757,"comment_status":"closed","ping_status":"closed","sticky":false,"template":"","format":"standard","meta":{"_seopress_robots_primary_cat":"","_seopress_titles_title":"","_seopress_titles_desc":"","_seopress_robots_index":"","footnotes":""},"categories":[1],"tags":[5558,287],"class_list":["post-22755","post","type-post","status-publish","format-standard","has-post-thumbnail","hentry","category-automovilismo","tag-automovilismo","tag-pechito-lopez"],"_links":{"self":[{"href":"https:\/\/www.cordobatimes.com\/deportes\/wp-json\/wp\/v2\/posts\/22755","targetHints":{"allow":["GET"]}}],"collection":[{"href":"https:\/\/www.cordobatimes.com\/deportes\/wp-json\/wp\/v2\/posts"}],"about":[{"href":"https:\/\/www.cordobatimes.com\/deportes\/wp-json\/wp\/v2\/types\/post"}],"author":[{"embeddable":true,"href":"https:\/\/www.cordobatimes.com\/deportes\/wp-json\/wp\/v2\/users\/20"}],"replies":[{"embeddable":true,"href":"https:\/\/www.cordobatimes.com\/deportes\/wp-json\/wp\/v2\/comments?post=22755"}],"version-history":[{"count":0,"href":"https:\/\/www.cordobatimes.com\/deportes\/wp-json\/wp\/v2\/posts\/22755\/revisions"}],"wp:featuredmedia":[{"embeddable":true,"href":"https:\/\/www.cordobatimes.com\/deportes\/wp-json\/wp\/v2\/media\/22757"}],"wp:attachment":[{"href":"https:\/\/www.cordobatimes.com\/deportes\/wp-json\/wp\/v2\/media?parent=22755"}],"wp:term":[{"taxonomy":"category","embeddable":true,"href":"https:\/\/www.cordobatimes.com\/deportes\/wp-json\/wp\/v2\/categories?post=22755"},{"taxonomy":"post_tag","embeddable":true,"href":"https:\/\/www.cordobatimes.com\/deportes\/wp-json\/wp\/v2\/tags?post=22755"}],"curies":[{"name":"wp","href":"https:\/\/api.w.org\/{rel}","templated":true}]}}