{"id":22681,"date":"2014-10-25T18:20:52","date_gmt":"2014-10-25T21:20:52","guid":{"rendered":"http:\/\/www.cordobatimes.com\/deportes\/?p=22681"},"modified":"2014-10-25T18:56:00","modified_gmt":"2014-10-25T21:56:00","slug":"velez-recibe-a-banfield-para-volver-a-la-victoria","status":"publish","type":"post","link":"https:\/\/www.cordobatimes.com\/deportes\/futbol\/2014\/10\/25\/velez-recibe-a-banfield-para-volver-a-la-victoria\/","title":{"rendered":"V\u00e9lez se reencontr\u00f3 con la victoria y venci\u00f3 a Banfield"},"content":{"rendered":"<h3 style=\"text-align: justify;\"><strong><a href=\"http:\/\/www.cordobatimes.com\/deportes\/wp-content\/uploads\/2014\/10\/pratto_velez.png\"><img loading=\"lazy\" decoding=\"async\" class=\"alignnone size-full wp-image-22703\" style=\"margin: 5px;\" alt=\"pratto_velez\" src=\"http:\/\/www.cordobatimes.com\/deportes\/wp-content\/uploads\/2014\/10\/pratto_velez.png\" width=\"861\" height=\"597\" data-id=\"22703\" srcset=\"https:\/\/www.cordobatimes.com\/deportes\/wp-content\/uploads\/2014\/10\/pratto_velez.png 861w, https:\/\/www.cordobatimes.com\/deportes\/wp-content\/uploads\/2014\/10\/pratto_velez-300x208.png 300w\" sizes=\"auto, (max-width: 861px) 100vw, 861px\" \/><\/a>Con gol de Lucas Pratto, el &#8220;Fort\u00edn&#8221; se impuso por 1 a 0 ante el conjunto de Mat\u00edas Almeyda y volvi\u00f3 a ganar despu\u00e9s de ocho partidos. El &#8220;Taladro&#8221; sigue sin poder sumar de a tres desde la fecha 9 y no logra despegarse de los \u00faltimos puestos del torneo. Mir\u00e1 el tanto del triunfo.<\/strong><\/h3>\n<p>&nbsp;<\/p>\n<p><iframe loading=\"lazy\" src=\"\/\/www.youtube.com\/embed\/tSyLWB1jqWY\" height=\"315\" width=\"100%\" allowfullscreen=\"\" frameborder=\"0\"><\/iframe><\/p>\n<p style=\"text-align: justify;\">Por la 13ra fecha del Torneo de Transici\u00f3n, V\u00e9lez derrot\u00f3 a Banfield y volvi\u00f3 a sumar de a tres en busca de terminar en la mejor posici\u00f3n del certamen, por ahora alejado de la lucha por el campeonato.<\/p>\n<p style=\"text-align: justify;\">El \u00fanico tanto del partido lo marc\u00f3 el goleador del &#8220;Fort\u00edn&#8221;, Lucas Pratto, quien apareci\u00f3 luego de un desborde de Emiliano Papa para poner el gol de la victoria con un cabezazo letal que dej\u00f3 parado a Servio. Con este resultado, los del &#8220;Turu&#8221; Flores alcanzaron la l\u00ednea de los 20 puntos al igual que Boca, a ocho del l\u00edder, River.<\/p>\n<p style=\"text-align: justify;\">Por su parte los de Almeyda tuvieron chances para empatar, pero no estuvieron finos en la definici\u00f3n y no mostraron el f\u00fatbol al que nos tienen acostumbrados. El &#8220;Taladro&#8221; s\u00f3lo gan\u00f3 tres partidos en los que va del certamen y s\u00f3lo logr\u00f3\u00a0un triunfo en las \u00faltimas nueve fechas, sumando apenas 13 unidades.<\/p>\n<p style=\"text-align: justify;\"><iframe loading=\"lazy\" src=\"http:\/\/cdntx.lanacion.com.ar\/deportes\/html\/v3\/module.html?channel=deportes.futbol.primeraa.200972&amp;lang=es_LA&amp;module=lineUpFull\" height=\"349\" width=\"100%\" frameborder=\"\" scrolling=\"auto\"><\/iframe><\/p>\n","protected":false},"excerpt":{"rendered":"<p>Con gol de Lucas Pratto, el &#8220;Fort\u00edn&#8221; se impuso por 1 a 0 ante el conjunto de Mat\u00edas Almeyda y volvi\u00f3 a ganar despu\u00e9s de ocho partidos. El &#8220;Taladro&#8221; sigue sin poder sumar de a tres desde la fecha 9 y no logra despegarse de los \u00faltimos puestos del torneo. Mir\u00e1 el tanto del triunfo. [&hellip;]<\/p>\n","protected":false},"author":5,"featured_media":22703,"comment_status":"closed","ping_status":"closed","sticky":false,"template":"","format":"standard","meta":{"_seopress_robots_primary_cat":"","_seopress_titles_title":"","_seopress_titles_desc":"","_seopress_robots_index":"","footnotes":""},"categories":[2],"tags":[33,358,314,3150,214],"class_list":["post-22681","post","type-post","status-publish","format-standard","has-post-thumbnail","hentry","category-futbol","tag-afa","tag-banfield","tag-formaciones","tag-torneo-de-transicion","tag-velez"],"_links":{"self":[{"href":"https:\/\/www.cordobatimes.com\/deportes\/wp-json\/wp\/v2\/posts\/22681","targetHints":{"allow":["GET"]}}],"collection":[{"href":"https:\/\/www.cordobatimes.com\/deportes\/wp-json\/wp\/v2\/posts"}],"about":[{"href":"https:\/\/www.cordobatimes.com\/deportes\/wp-json\/wp\/v2\/types\/post"}],"author":[{"embeddable":true,"href":"https:\/\/www.cordobatimes.com\/deportes\/wp-json\/wp\/v2\/users\/5"}],"replies":[{"embeddable":true,"href":"https:\/\/www.cordobatimes.com\/deportes\/wp-json\/wp\/v2\/comments?post=22681"}],"version-history":[{"count":0,"href":"https:\/\/www.cordobatimes.com\/deportes\/wp-json\/wp\/v2\/posts\/22681\/revisions"}],"wp:featuredmedia":[{"embeddable":true,"href":"https:\/\/www.cordobatimes.com\/deportes\/wp-json\/wp\/v2\/media\/22703"}],"wp:attachment":[{"href":"https:\/\/www.cordobatimes.com\/deportes\/wp-json\/wp\/v2\/media?parent=22681"}],"wp:term":[{"taxonomy":"category","embeddable":true,"href":"https:\/\/www.cordobatimes.com\/deportes\/wp-json\/wp\/v2\/categories?post=22681"},{"taxonomy":"post_tag","embeddable":true,"href":"https:\/\/www.cordobatimes.com\/deportes\/wp-json\/wp\/v2\/tags?post=22681"}],"curies":[{"name":"wp","href":"https:\/\/api.w.org\/{rel}","templated":true}]}}