{"id":22418,"date":"2014-10-23T07:59:08","date_gmt":"2014-10-23T10:59:08","guid":{"rendered":"http:\/\/www.cordobatimes.com\/deportes\/?p=22418"},"modified":"2014-10-23T08:51:58","modified_gmt":"2014-10-23T11:51:58","slug":"atletico-de-rafaela-le-gano-a-defensa-y-justicia-y-se-metio-en-semifinales","status":"publish","type":"post","link":"https:\/\/www.cordobatimes.com\/deportes\/futbol\/2014\/10\/23\/atletico-de-rafaela-le-gano-a-defensa-y-justicia-y-se-metio-en-semifinales\/","title":{"rendered":"Atl\u00e9tico de Rafaela le gan\u00f3 a Defensa y Justicia y se meti\u00f3 en semifinales"},"content":{"rendered":"<p><a href=\"http:\/\/www.cordobatimes.com\/deportes\/wp-content\/uploads\/2014\/10\/attttt.jpg\"><img loading=\"lazy\" decoding=\"async\" class=\"size-full wp-image-22528 aligncenter\" alt=\"attttt\" src=\"http:\/\/www.cordobatimes.com\/deportes\/wp-content\/uploads\/2014\/10\/attttt.jpg\" width=\"620\" height=\"413\" data-id=\"22528\" srcset=\"https:\/\/www.cordobatimes.com\/deportes\/wp-content\/uploads\/2014\/10\/attttt.jpg 620w, https:\/\/www.cordobatimes.com\/deportes\/wp-content\/uploads\/2014\/10\/attttt-300x199.jpg 300w\" sizes=\"auto, (max-width: 620px) 100vw, 620px\" \/><\/a><\/p>\n<h3>Atl\u00e9tico de Rafaela venci\u00f3 a Defensa y Justicia en Jun\u00edn gracias al gol de Federico Gonz\u00e1lez, se qued\u00f3 con el \u00faltimo lugar de las semifinales de la Copa Argentina y sue\u00f1a con meterse en la Libertadores. El 13 de noviembre, vs Hurac\u00e1n.<\/h3>\n<p>&nbsp;<\/p>\n<p>En Jun\u00edn, Atl\u00e9tico de Rafaela le gan\u00f3 a Defensa y Justicia y se meti\u00f3 en las semifinales de la Copa Argentina, instancia en la que enfrentar\u00e1 a Hurac\u00e1n. Federico Gonz\u00e1lez marc\u00f3 el \u00fanico gol del encuentro a los 17&#8242; del primer tiempo, luego de un rebote que \u00e9l mismo hab\u00eda generado ganando en la altura y metiendo el cabezazo tras un c\u00f3rner.<\/p>\n<p style=\"text-align: justify;\">Dentro de la buena performance que mostraron varios de los jugadores de Sensini, uno de los destacados fue el arquero Conde, quien evit\u00f3 en varias ocasiones el empate ataj\u00e1ndole remates a Brian Fern\u00e1ndez y Camacho, entre otros. Es que Defensa se vio obligado a ir en busca del gol que le permitiera al menos estirar la definici\u00f3n a los penales, pero esa desesperaci\u00f3n lo llev\u00f3 a descuidar el fondo y quedar expuesto ante los ataques de La Crema, que pudo haber ampliado la ventaja.<\/p>\n<p style=\"text-align: justify;\">Hurac\u00e1n ser\u00e1 el rival a vencer para que el sue\u00f1o de la ciudad de Rafaela contin\u00fae. Se enfrentar\u00e1n en Formosa, el 13 de noviembre, aunque hay posibilidades de que el partido cambie de fecha (se podr\u00eda correr una semana).<\/p>\n<p style=\"text-align: justify;\"><object width=\"100%\" height=\"261\" classid=\"clsid:d27cdb6e-ae6d-11cf-96b8-444553540000\" codebase=\"http:\/\/download.macromedia.com\/pub\/shockwave\/cabs\/flash\/swflash.cab#version=6,0,40,0\"><param name=\"src\" value=\"http:\/\/www.ole.com.ar\/static\/DESMedia\/swf\/jwplayer\/player.swf?hash=06418663a841fc726e7547ca13cc4e14\" \/><param name=\"allowscriptaccess\" value=\"always\" \/><param name=\"allowfullscreen\" value=\"true\" \/><param name=\"flashvars\" value=\"&amp;skin=http:\/\/www.ole.com.ar\/static\/DESMedia\/swf\/jwplayer\/skins\/modieus\/modieus.swf?hash=fc5dafd720b7a0ee3e89f1e0222ac9d1&amp;controlbar=over&amp;file=http:\/\/contenidos2.ole.clarin.com\/sincro\/ole\/flv\/2014\/10\/22\/VID\/OLEVID20141022_0040\/video_web.flv%3Fn%3D0&amp;image=http:\/\/www.ole.com.ar\/copa-argentina\/Fede-Gonzalez-hizo-Crema_OLEVID20141022_0040_18.jpg&amp;plugins=viral-h&amp;viral.allowmenu=false&amp;viral.oncomplete=false&amp;viral.onpause=true&amp;viral.pluginmode=FLASH\" \/><embed width=\"100%\" height=\"261\" type=\"application\/x-shockwave-flash\" src=\"http:\/\/www.ole.com.ar\/static\/DESMedia\/swf\/jwplayer\/player.swf?hash=06418663a841fc726e7547ca13cc4e14\" allowscriptaccess=\"always\" allowfullscreen=\"true\" flashvars=\"&amp;skin=http:\/\/www.ole.com.ar\/static\/DESMedia\/swf\/jwplayer\/skins\/modieus\/modieus.swf?hash=fc5dafd720b7a0ee3e89f1e0222ac9d1&amp;controlbar=over&amp;file=http:\/\/contenidos2.ole.clarin.com\/sincro\/ole\/flv\/2014\/10\/22\/VID\/OLEVID20141022_0040\/video_web.flv%3Fn%3D0&amp;image=http:\/\/www.ole.com.ar\/copa-argentina\/Fede-Gonzalez-hizo-Crema_OLEVID20141022_0040_18.jpg&amp;plugins=viral-h&amp;viral.allowmenu=false&amp;viral.oncomplete=false&amp;viral.onpause=true&amp;viral.pluginmode=FLASH\" \/><\/object><\/p>\n<p style=\"text-align: justify;\"><strong>S\u00cdNTESIS<\/strong><\/p>\n<p style=\"text-align: justify;\"><strong>DEFENSA Y JUSTICIA 0:<\/strong>\u00a0Fernando Pellegrino; Dami\u00e1n Mart\u00ed\u00adnez, Carlos Casteglione, Pablo De Miranda, Javier Yacuzzi; Emiliano Telechea, Nery Leyes, Washington Camacho, Ciro Rius; Mariano Barbieri y Brian Fern\u00e1ndez.\u00a0<strong>DT:\u00a0<\/strong>Dar\u00edo Franco.<strong><\/strong><\/p>\n<p style=\"text-align: justify;\"><strong>ATLETICO DE RAFAELA 1:<\/strong>\u00a0Esteban Conde; Joel Sacks, Jonathan Ferrari, Sergio Vittor, Juan Eluchans; Walter Serrano, Adri\u00e1n Bast\u00ed\u00ada, Germ\u00e1n Rodr\u00ed\u00adguez Rojas, Guillermo Fern\u00e1ndez; Federico Gonz\u00e1lez y Lucas Albertengo.\u00a0<strong>DT:<\/strong>\u00a0Roberto Sensini.<\/p>\n<p style=\"text-align: justify;\"><strong>GOLES:\u00a0<\/strong>PT 17&#8242; Federico Gonz\u00e1lez (RAF).<\/p>\n<p style=\"text-align: justify;\"><strong>ESTADIO:<\/strong>\u00a0Sarmiento de Jun\u00edn.<\/p>\n<p style=\"text-align: justify;\"><strong>ARBITRO:<\/strong>\u00a0Alejandro Castro.<\/p>\n<p style=\"text-align: justify;\"><span style=\"font-size: 13px;\">\u00a0<\/span><\/p>\n","protected":false},"excerpt":{"rendered":"<p>Atl\u00e9tico de Rafaela venci\u00f3 a Defensa y Justicia en Jun\u00edn gracias al gol de Federico Gonz\u00e1lez, se qued\u00f3 con el \u00faltimo lugar de las semifinales de la Copa Argentina y sue\u00f1a con meterse en la Libertadores. El 13 de noviembre, vs Hurac\u00e1n. &nbsp; En Jun\u00edn, Atl\u00e9tico de Rafaela le gan\u00f3 a Defensa y Justicia y [&hellip;]<\/p>\n","protected":false},"author":20,"featured_media":22529,"comment_status":"closed","ping_status":"closed","sticky":false,"template":"","format":"standard","meta":{"_seopress_robots_primary_cat":"","_seopress_titles_title":"","_seopress_titles_desc":"","_seopress_robots_index":"","footnotes":""},"categories":[20,2],"tags":[5569,360,275],"class_list":["post-22418","post","type-post","status-publish","format-standard","has-post-thumbnail","hentry","category-copa-argentina","category-futbol","tag-copa-argentina","tag-defensa-y-justicia","tag-rafaela"],"_links":{"self":[{"href":"https:\/\/www.cordobatimes.com\/deportes\/wp-json\/wp\/v2\/posts\/22418","targetHints":{"allow":["GET"]}}],"collection":[{"href":"https:\/\/www.cordobatimes.com\/deportes\/wp-json\/wp\/v2\/posts"}],"about":[{"href":"https:\/\/www.cordobatimes.com\/deportes\/wp-json\/wp\/v2\/types\/post"}],"author":[{"embeddable":true,"href":"https:\/\/www.cordobatimes.com\/deportes\/wp-json\/wp\/v2\/users\/20"}],"replies":[{"embeddable":true,"href":"https:\/\/www.cordobatimes.com\/deportes\/wp-json\/wp\/v2\/comments?post=22418"}],"version-history":[{"count":0,"href":"https:\/\/www.cordobatimes.com\/deportes\/wp-json\/wp\/v2\/posts\/22418\/revisions"}],"wp:featuredmedia":[{"embeddable":true,"href":"https:\/\/www.cordobatimes.com\/deportes\/wp-json\/wp\/v2\/media\/22529"}],"wp:attachment":[{"href":"https:\/\/www.cordobatimes.com\/deportes\/wp-json\/wp\/v2\/media?parent=22418"}],"wp:term":[{"taxonomy":"category","embeddable":true,"href":"https:\/\/www.cordobatimes.com\/deportes\/wp-json\/wp\/v2\/categories?post=22418"},{"taxonomy":"post_tag","embeddable":true,"href":"https:\/\/www.cordobatimes.com\/deportes\/wp-json\/wp\/v2\/tags?post=22418"}],"curies":[{"name":"wp","href":"https:\/\/api.w.org\/{rel}","templated":true}]}}