{"id":22406,"date":"2014-10-22T08:05:57","date_gmt":"2014-10-22T11:05:57","guid":{"rendered":"http:\/\/www.cordobatimes.com\/deportes\/?p=22406"},"modified":"2014-10-22T16:59:51","modified_gmt":"2014-10-22T19:59:51","slug":"lanus-empato-con-cerro-porteno-y-quedo-eliminado","status":"publish","type":"post","link":"https:\/\/www.cordobatimes.com\/deportes\/futbol\/2014\/10\/22\/lanus-empato-con-cerro-porteno-y-quedo-eliminado\/","title":{"rendered":"Lan\u00fas empat\u00f3 con Cerro Porte\u00f1o y qued\u00f3 eliminado"},"content":{"rendered":"<figure id=\"attachment_22407\" aria-describedby=\"caption-attachment-22407\" style=\"width: 620px\" class=\"wp-caption aligncenter\"><a href=\"http:\/\/www.cordobatimes.com\/deportes\/wp-content\/uploads\/2014\/10\/silv.jpg\"><img loading=\"lazy\" decoding=\"async\" class=\"size-full wp-image-22407 \" alt=\"Silva sufri\u00f3 la derrota\" src=\"http:\/\/www.cordobatimes.com\/deportes\/wp-content\/uploads\/2014\/10\/silv.jpg\" width=\"620\" height=\"413\" data-id=\"22407\" srcset=\"https:\/\/www.cordobatimes.com\/deportes\/wp-content\/uploads\/2014\/10\/silv.jpg 620w, https:\/\/www.cordobatimes.com\/deportes\/wp-content\/uploads\/2014\/10\/silv-300x199.jpg 300w\" sizes=\"auto, (max-width: 620px) 100vw, 620px\" \/><\/a><figcaption id=\"caption-attachment-22407\" class=\"wp-caption-text\">Silva sufri\u00f3 la derrota<\/figcaption><\/figure>\n<h3><strong>El Granate dijo adi\u00f3s en los octavos de final de la Copa Sudamericana ante el equipo guaran\u00ed debido a un global de 3 a 2 (en Paraguay hab\u00eda perdido 2 a 1) y\u00a0no podr\u00e1 defender la corona.<\/strong><\/h3>\n<p>&nbsp;<\/p>\n<p><span style=\"font-size: 13px;\">El partido hab\u00eda comenzado mal para Lan\u00fas, que entr\u00f3 dormido y recibi\u00f3 el gol rival a los 49 segundos del primer tiempo. El grito paraguayo vino de la mano de Romero, que se aprovech\u00f3 de un error de Braghieri para marcar.<\/span><\/p>\n<p>Justamente fue Braghieri el que, 38 minutos m\u00e1s tarde, se redimi\u00f3 y marc\u00f3 un golazo a lo Messi para poner el 1-1 que, pese a los intentos a lo largo del resto del juego, fue el resultado definitivo que dej\u00f3 eliminado al conjunto de Guillermo Barros Schelotto.<\/p>\n<p>Ahora, el Granate enfocar\u00e1 sus ca\u00f1ones al torneo local, en el que est\u00e1 segundo, con 24 puntos, a cuatro de River, el l\u00edder.<\/p>\n<p>Este domingo, a las 15, el equipo del Sur recibir\u00e1 a San Lorenzo con la intenci\u00f3n de descontarle puntos al Millonario, que visita a Rafaela.<\/p>\n","protected":false},"excerpt":{"rendered":"<p>El Granate dijo adi\u00f3s en los octavos de final de la Copa Sudamericana ante el equipo guaran\u00ed debido a un global de 3 a 2 (en Paraguay hab\u00eda perdido 2 a 1) y\u00a0no podr\u00e1 defender la corona. &nbsp; El partido hab\u00eda comenzado mal para Lan\u00fas, que entr\u00f3 dormido y recibi\u00f3 el gol rival a los [&hellip;]<\/p>\n","protected":false},"author":20,"featured_media":22407,"comment_status":"closed","ping_status":"closed","sticky":false,"template":"","format":"standard","meta":{"_seopress_robots_primary_cat":"","_seopress_titles_title":"","_seopress_titles_desc":"","_seopress_robots_index":"","footnotes":""},"categories":[23,2],"tags":[1967,5570,73,4226],"class_list":["post-22406","post","type-post","status-publish","format-standard","has-post-thumbnail","hentry","category-copa-sudamericana","category-futbol","tag-cerro-porteno","tag-copa-sudamericana","tag-lanus","tag-lanus-quedo-eliminado-de-la-copa-sudamericana"],"_links":{"self":[{"href":"https:\/\/www.cordobatimes.com\/deportes\/wp-json\/wp\/v2\/posts\/22406","targetHints":{"allow":["GET"]}}],"collection":[{"href":"https:\/\/www.cordobatimes.com\/deportes\/wp-json\/wp\/v2\/posts"}],"about":[{"href":"https:\/\/www.cordobatimes.com\/deportes\/wp-json\/wp\/v2\/types\/post"}],"author":[{"embeddable":true,"href":"https:\/\/www.cordobatimes.com\/deportes\/wp-json\/wp\/v2\/users\/20"}],"replies":[{"embeddable":true,"href":"https:\/\/www.cordobatimes.com\/deportes\/wp-json\/wp\/v2\/comments?post=22406"}],"version-history":[{"count":0,"href":"https:\/\/www.cordobatimes.com\/deportes\/wp-json\/wp\/v2\/posts\/22406\/revisions"}],"wp:featuredmedia":[{"embeddable":true,"href":"https:\/\/www.cordobatimes.com\/deportes\/wp-json\/wp\/v2\/media\/22407"}],"wp:attachment":[{"href":"https:\/\/www.cordobatimes.com\/deportes\/wp-json\/wp\/v2\/media?parent=22406"}],"wp:term":[{"taxonomy":"category","embeddable":true,"href":"https:\/\/www.cordobatimes.com\/deportes\/wp-json\/wp\/v2\/categories?post=22406"},{"taxonomy":"post_tag","embeddable":true,"href":"https:\/\/www.cordobatimes.com\/deportes\/wp-json\/wp\/v2\/tags?post=22406"}],"curies":[{"name":"wp","href":"https:\/\/api.w.org\/{rel}","templated":true}]}}