{"id":22395,"date":"2014-10-21T19:24:49","date_gmt":"2014-10-21T22:24:49","guid":{"rendered":"http:\/\/www.cordobatimes.com\/deportes\/?p=22395"},"modified":"2014-10-22T12:58:56","modified_gmt":"2014-10-22T15:58:56","slug":"bayern-munich-goleo-a-roma-7-1-por-la-champions-league","status":"publish","type":"post","link":"https:\/\/www.cordobatimes.com\/deportes\/futbol-internacional\/2014\/10\/21\/bayern-munich-goleo-a-roma-7-1-por-la-champions-league\/","title":{"rendered":"Bayern Munich gole\u00f3 a Roma 7-1 por la Champions League"},"content":{"rendered":"<h3 style=\"text-align: justify;\"><a href=\"http:\/\/www.cordobatimes.com\/deportes\/wp-content\/uploads\/2014\/10\/bayern.png\"><img loading=\"lazy\" decoding=\"async\" class=\"wp-image-22397 aligncenter\" style=\"margin-top: 5px; margin-bottom: 5px;\" alt=\"bayern\" src=\"http:\/\/www.cordobatimes.com\/deportes\/wp-content\/uploads\/2014\/10\/bayern.png\" width=\"550\" height=\"362\" data-id=\"22397\" \/><\/a>Con un equipo plagado de campeones del mundo, los de Guardiola dieron c\u00e1tedra de f\u00fatbol y aplastaron al conjunto italiano en su propia casa.\u00a0Robben (por duplicado), G\u00f6tze, Lewandowski, M\u00fcller (de penal),\u00a0Rib\u00e9ry y Shaqiri anotaron para la hist\u00f3rica goleada de los alemanes; el\u00a0marfile\u00f1o Gervinho marc\u00f3 el \u00fanico de los locales.<\/h3>\n","protected":false},"excerpt":{"rendered":"<p>Con un equipo plagado de campeones del mundo, los de Guardiola dieron c\u00e1tedra de f\u00fatbol y aplastaron al conjunto italiano en su propia casa.\u00a0Robben (por duplicado), G\u00f6tze, Lewandowski, M\u00fcller (de penal),\u00a0Rib\u00e9ry y Shaqiri anotaron para la hist\u00f3rica goleada de los alemanes; el\u00a0marfile\u00f1o Gervinho marc\u00f3 el \u00fanico de los locales.<\/p>\n","protected":false},"author":5,"featured_media":22397,"comment_status":"closed","ping_status":"closed","sticky":false,"template":"","format":"standard","meta":{"_seopress_robots_primary_cat":"","_seopress_titles_title":"","_seopress_titles_desc":"","_seopress_robots_index":"","footnotes":""},"categories":[18],"tags":[907,362,336],"class_list":["post-22395","post","type-post","status-publish","format-standard","has-post-thumbnail","hentry","category-futbol-internacional","tag-bayern-munich","tag-champions-league","tag-roma"],"_links":{"self":[{"href":"https:\/\/www.cordobatimes.com\/deportes\/wp-json\/wp\/v2\/posts\/22395","targetHints":{"allow":["GET"]}}],"collection":[{"href":"https:\/\/www.cordobatimes.com\/deportes\/wp-json\/wp\/v2\/posts"}],"about":[{"href":"https:\/\/www.cordobatimes.com\/deportes\/wp-json\/wp\/v2\/types\/post"}],"author":[{"embeddable":true,"href":"https:\/\/www.cordobatimes.com\/deportes\/wp-json\/wp\/v2\/users\/5"}],"replies":[{"embeddable":true,"href":"https:\/\/www.cordobatimes.com\/deportes\/wp-json\/wp\/v2\/comments?post=22395"}],"version-history":[{"count":0,"href":"https:\/\/www.cordobatimes.com\/deportes\/wp-json\/wp\/v2\/posts\/22395\/revisions"}],"wp:featuredmedia":[{"embeddable":true,"href":"https:\/\/www.cordobatimes.com\/deportes\/wp-json\/wp\/v2\/media\/22397"}],"wp:attachment":[{"href":"https:\/\/www.cordobatimes.com\/deportes\/wp-json\/wp\/v2\/media?parent=22395"}],"wp:term":[{"taxonomy":"category","embeddable":true,"href":"https:\/\/www.cordobatimes.com\/deportes\/wp-json\/wp\/v2\/categories?post=22395"},{"taxonomy":"post_tag","embeddable":true,"href":"https:\/\/www.cordobatimes.com\/deportes\/wp-json\/wp\/v2\/tags?post=22395"}],"curies":[{"name":"wp","href":"https:\/\/api.w.org\/{rel}","templated":true}]}}