{"id":22383,"date":"2014-10-21T11:25:43","date_gmt":"2014-10-21T14:25:43","guid":{"rendered":"http:\/\/www.cordobatimes.com\/deportes\/?p=22383"},"modified":"2014-10-21T11:25:43","modified_gmt":"2014-10-21T14:25:43","slug":"arquero-holandes-no-llego-al-bano-y-orino-al-lado-del-palo","status":"publish","type":"post","link":"https:\/\/www.cordobatimes.com\/deportes\/futbol-internacional\/2014\/10\/21\/arquero-holandes-no-llego-al-bano-y-orino-al-lado-del-palo\/","title":{"rendered":"Arquero holand\u00e9s no lleg\u00f3 al ba\u00f1o y orin\u00f3 al lado del palo"},"content":{"rendered":"<h3><strong><a href=\"http:\/\/www.cordobatimes.com\/deportes\/wp-content\/uploads\/2014\/10\/arquero-aleman.jpg\"><img loading=\"lazy\" decoding=\"async\" class=\"size-full wp-image-22384 aligncenter\" alt=\"arquero aleman\" src=\"http:\/\/www.cordobatimes.com\/deportes\/wp-content\/uploads\/2014\/10\/arquero-aleman.jpg\" width=\"617\" height=\"312\" data-id=\"22384\" srcset=\"https:\/\/www.cordobatimes.com\/deportes\/wp-content\/uploads\/2014\/10\/arquero-aleman.jpg 617w, https:\/\/www.cordobatimes.com\/deportes\/wp-content\/uploads\/2014\/10\/arquero-aleman-300x151.jpg 300w\" sizes=\"auto, (max-width: 617px) 100vw, 617px\" \/><\/a><\/strong><\/h3>\n<h3><strong>Kok, jugador del Excelsior 31, aprovech\u00f3 un ataque de su equipo para quitarse las ganas. El acto del guardameta no tuvo sanciones del \u00e1rbitro pero si las risas de los presentes. No te pierdas las im\u00e1genes.<\/strong><\/h3>\n<p>&nbsp;<\/p>\n<p>El partido correspondiente a la Divisi\u00f3n C de Holanda dej\u00f3 un hecho muy curioso. Excelsior triunf\u00f3 4-0 al CSV Apeldoor y la mayor parte del juego se disput\u00f3 en el \u00e1rea rival. Gracias a eso, el 1, quien ya no soportaba las ganas de hacer sus necesidades, se pos\u00f3 junto a un palo y &#8220;descarg\u00f3&#8221;.<\/p>\n<p>\u00bfNo lo cre\u00e9s? Mir\u00e1:<\/p>\n<p><iframe loading=\"lazy\" src=\"\/\/www.youtube.com\/embed\/NXPEX-uwWGk\" height=\"315\" width=\"560\" allowfullscreen=\"\" frameborder=\"0\"><\/iframe><\/p>\n","protected":false},"excerpt":{"rendered":"<p>Kok, jugador del Excelsior 31, aprovech\u00f3 un ataque de su equipo para quitarse las ganas. El acto del guardameta no tuvo sanciones del \u00e1rbitro pero si las risas de los presentes. No te pierdas las im\u00e1genes. &nbsp; El partido correspondiente a la Divisi\u00f3n C de Holanda dej\u00f3 un hecho muy curioso. Excelsior triunf\u00f3 4-0 al [&hellip;]<\/p>\n","protected":false},"author":2,"featured_media":22384,"comment_status":"closed","ping_status":"closed","sticky":false,"template":"","format":"standard","meta":{"_seopress_robots_primary_cat":"","_seopress_titles_title":"","_seopress_titles_desc":"","_seopress_robots_index":"","footnotes":""},"categories":[18],"tags":[4222,840,4225,4223,4224,80],"class_list":["post-22383","post","type-post","status-publish","format-standard","has-post-thumbnail","hentry","category-futbol-internacional","tag-excelsior","tag-holanda","tag-imperdible","tag-kok","tag-se-hizo-pis-al-lado-de-la-cancha","tag-video"],"_links":{"self":[{"href":"https:\/\/www.cordobatimes.com\/deportes\/wp-json\/wp\/v2\/posts\/22383","targetHints":{"allow":["GET"]}}],"collection":[{"href":"https:\/\/www.cordobatimes.com\/deportes\/wp-json\/wp\/v2\/posts"}],"about":[{"href":"https:\/\/www.cordobatimes.com\/deportes\/wp-json\/wp\/v2\/types\/post"}],"author":[{"embeddable":true,"href":"https:\/\/www.cordobatimes.com\/deportes\/wp-json\/wp\/v2\/users\/2"}],"replies":[{"embeddable":true,"href":"https:\/\/www.cordobatimes.com\/deportes\/wp-json\/wp\/v2\/comments?post=22383"}],"version-history":[{"count":0,"href":"https:\/\/www.cordobatimes.com\/deportes\/wp-json\/wp\/v2\/posts\/22383\/revisions"}],"wp:featuredmedia":[{"embeddable":true,"href":"https:\/\/www.cordobatimes.com\/deportes\/wp-json\/wp\/v2\/media\/22384"}],"wp:attachment":[{"href":"https:\/\/www.cordobatimes.com\/deportes\/wp-json\/wp\/v2\/media?parent=22383"}],"wp:term":[{"taxonomy":"category","embeddable":true,"href":"https:\/\/www.cordobatimes.com\/deportes\/wp-json\/wp\/v2\/categories?post=22383"},{"taxonomy":"post_tag","embeddable":true,"href":"https:\/\/www.cordobatimes.com\/deportes\/wp-json\/wp\/v2\/tags?post=22383"}],"curies":[{"name":"wp","href":"https:\/\/api.w.org\/{rel}","templated":true}]}}