{"id":22200,"date":"2014-10-18T14:54:06","date_gmt":"2014-10-18T17:54:06","guid":{"rendered":"http:\/\/www.cordobatimes.com\/deportes\/?p=22200"},"modified":"2014-10-19T10:12:44","modified_gmt":"2014-10-19T13:12:44","slug":"lanus-visita-a-defensa-y-justicia-en-varela","status":"publish","type":"post","link":"https:\/\/www.cordobatimes.com\/deportes\/futbol\/2014\/10\/18\/lanus-visita-a-defensa-y-justicia-en-varela\/","title":{"rendered":"Lan\u00fas gan\u00f3 y demostr\u00f3 su intenci\u00f3n de pelear por el t\u00edtulo"},"content":{"rendered":"<h3 style=\"text-align: justify;\"><a href=\"http:\/\/www.cordobatimes.com\/deportes\/wp-content\/uploads\/2014\/10\/llllll.jpg\"><img loading=\"lazy\" decoding=\"async\" class=\"size-full wp-image-22234 aligncenter\" alt=\"llllll\" src=\"http:\/\/www.cordobatimes.com\/deportes\/wp-content\/uploads\/2014\/10\/llllll.jpg\" width=\"620\" height=\"413\" data-id=\"22234\" srcset=\"https:\/\/www.cordobatimes.com\/deportes\/wp-content\/uploads\/2014\/10\/llllll.jpg 620w, https:\/\/www.cordobatimes.com\/deportes\/wp-content\/uploads\/2014\/10\/llllll-300x199.jpg 300w\" sizes=\"auto, (max-width: 620px) 100vw, 620px\" \/><\/a><\/h3>\n<h3 style=\"text-align: justify;\">El equipo de los Barros Schelotto le gan\u00f3 a Defensa y Justicia 2-1, con dos golazos en el primer tiempo; Pasquini y Valdez Chamorro; descont\u00f3 Camach.<\/h3>\n<p>&nbsp;<\/p>\n<p style=\"text-align: justify;\">Con la obligaci\u00f3n de ganar, para no perderle pisada a\u00a0River,\u00a0Lan\u00fas\u00a0arrib\u00f3 a\u00a0Florencio Varela\u00a0para enfrentar a\u00a0Defensa y Justicia, un equipo que necesitaba los tres puntos para salir de los \u00faltimos puestos.<\/p>\n<p style=\"text-align: justify;\">A pesar de presentar a un combinado alternativo, los de\u00a0Guillermo Barros Schelotto\u00a0mantuvieron la convicci\u00f3n para lastimar al &#8220;Halc\u00f3n&#8221;. Sobre el\u00a0primer cuarto de hora, Nicol\u00e1s Pasquini, de tiro libre, abri\u00f3 el marcador para el &#8220;Granate&#8221;. La deliciosa pegada del defensor no le dio posibilidad alguna a\u00a0Diego Pellegrino\u00a0de evitar el tanto.<\/p>\n<p style=\"text-align: justify;\">Lejos de conformarse con la m\u00ednima ventaja, la visita continu\u00f3 da\u00f1ando a la \u00faltima l\u00ednea rival. Por lo tanto,\u00a090 segundos\u00a0m\u00e1s tarde,\u00a0Jorge Vald\u00e9z Chamorro\u00a0extendi\u00f3 la diferencia gracias al enorme engranaje del circuito ofensivo de sus compa\u00f1eros. El prematuro\u00a02 a 0\u00a0hizo que\u00a0Dar\u00edo Francoreemplace a\u00a0Juan Tejera\u00a0por\u00a0Carlos Casteglione. Sin dudas, la maniobra del entrenador expuso al defensor, que se fue al vestuario descargando toda su bronca.<\/p>\n<p style=\"text-align: justify;\">Sobre el final de la primera parte iba a llegar el descuento de los locales. El centro cay\u00f3 en el \u00e1rea del &#8220;Granate&#8221; y\u00a0Facundo Monteseir\u00edn\u00a0acomod\u00f3 la pelota y despej\u00f3. Sin embargo, el \u00e1rbitro\u00a0Diego Abal\u00a0determin\u00f3 que hubo mano por parte del defensor visitante y sancion\u00f3 el penal.\u00a0Washington Camacho\u00a0fue el encargado de ejecutar desde los doce pasos y de lograr la conquista que le permiti\u00f3 al &#8220;Halc\u00f3n&#8221; ponerse a tiro en el marcador<\/p>\n<p>&nbsp;<\/p>\n<p><iframe loading=\"lazy\" src=\"\/\/www.youtube.com\/embed\/jY_4ZCTyl_Y\" height=\"315\" width=\"100%\" allowfullscreen=\"\" frameborder=\"0\"><\/iframe><\/p>\n<p><iframe loading=\"lazy\" src=\"\/\/www.youtube.com\/embed\/Jt3F9s_6pqY\" height=\"315\" width=\"100%\" allowfullscreen=\"\" frameborder=\"0\"><\/iframe><\/p>\n<p><iframe loading=\"lazy\" src=\"\/\/www.youtube.com\/embed\/0eyq1hqal1w\" height=\"315\" width=\"100%\" allowfullscreen=\"\" frameborder=\"0\"><\/iframe><\/p>\n<p style=\"text-align: justify;\"><strong>S\u00cdNTESIS<\/strong><\/p>\n<p style=\"text-align: justify;\">\u00a0<b>DEFENSA:<\/b>\u00a0Fernando Pellegrino; Dami\u00e1n Martinez, Juan Tejera, Carlos Matheu y Javier Yacuzzi; Emiliano Tellechea, Nery Leyes y Washington Camacho; Ciro Rius, Braian Fern\u00e1ndez y Nicol\u00e1s Fern\u00e1ndez. DT: Dar\u00edo Franco.<\/p>\n<p style=\"text-align: justify;\"><b>LANUS:<\/b>\u00a0Agust\u00edn Marches\u00edn; Carlos Araujo, Facundo Monteseirin, Gustavo Gomez y Nicol\u00e1s Pasquini; Diego Gonz\u00e1lez, Jorge Vald\u00e9s Chamorro y V\u00edctor Ayala; Oscar Ben\u00edtez, Lautaro Acosta o Lucas Melano y Silvio Romero. DT: Guillermo Barros Schelotto.<\/p>\n<p style=\"text-align: justify;\">\u00a0<b>CANCHA:<\/b>\u00a0Defensa y Justicia.<\/p>\n<p style=\"text-align: justify;\"><b>ARBITRO:<\/b>\u00a0Diego Abal.<\/p>\n<p style=\"text-align: justify;\"><b><\/b><em id=\"__mceDel\"><em id=\"__mceDel\"><br \/>\n<\/em><\/em><\/p>\n","protected":false},"excerpt":{"rendered":"<p>El equipo de los Barros Schelotto le gan\u00f3 a Defensa y Justicia 2-1, con dos golazos en el primer tiempo; Pasquini y Valdez Chamorro; descont\u00f3 Camach. &nbsp; Con la obligaci\u00f3n de ganar, para no perderle pisada a\u00a0River,\u00a0Lan\u00fas\u00a0arrib\u00f3 a\u00a0Florencio Varela\u00a0para enfrentar a\u00a0Defensa y Justicia, un equipo que necesitaba los tres puntos para salir de los \u00faltimos [&hellip;]<\/p>\n","protected":false},"author":20,"featured_media":22234,"comment_status":"closed","ping_status":"closed","sticky":false,"template":"","format":"standard","meta":{"_seopress_robots_primary_cat":"","_seopress_titles_title":"","_seopress_titles_desc":"","_seopress_robots_index":"","footnotes":""},"categories":[2,16],"tags":[33,360,73],"class_list":["post-22200","post","type-post","status-publish","format-standard","has-post-thumbnail","hentry","category-futbol","category-primera-division","tag-afa","tag-defensa-y-justicia","tag-lanus"],"_links":{"self":[{"href":"https:\/\/www.cordobatimes.com\/deportes\/wp-json\/wp\/v2\/posts\/22200","targetHints":{"allow":["GET"]}}],"collection":[{"href":"https:\/\/www.cordobatimes.com\/deportes\/wp-json\/wp\/v2\/posts"}],"about":[{"href":"https:\/\/www.cordobatimes.com\/deportes\/wp-json\/wp\/v2\/types\/post"}],"author":[{"embeddable":true,"href":"https:\/\/www.cordobatimes.com\/deportes\/wp-json\/wp\/v2\/users\/20"}],"replies":[{"embeddable":true,"href":"https:\/\/www.cordobatimes.com\/deportes\/wp-json\/wp\/v2\/comments?post=22200"}],"version-history":[{"count":0,"href":"https:\/\/www.cordobatimes.com\/deportes\/wp-json\/wp\/v2\/posts\/22200\/revisions"}],"wp:featuredmedia":[{"embeddable":true,"href":"https:\/\/www.cordobatimes.com\/deportes\/wp-json\/wp\/v2\/media\/22234"}],"wp:attachment":[{"href":"https:\/\/www.cordobatimes.com\/deportes\/wp-json\/wp\/v2\/media?parent=22200"}],"wp:term":[{"taxonomy":"category","embeddable":true,"href":"https:\/\/www.cordobatimes.com\/deportes\/wp-json\/wp\/v2\/categories?post=22200"},{"taxonomy":"post_tag","embeddable":true,"href":"https:\/\/www.cordobatimes.com\/deportes\/wp-json\/wp\/v2\/tags?post=22200"}],"curies":[{"name":"wp","href":"https:\/\/api.w.org\/{rel}","templated":true}]}}