{"id":22030,"date":"2014-10-15T08:59:50","date_gmt":"2014-10-15T11:59:50","guid":{"rendered":"http:\/\/www.cordobatimes.com\/deportes\/?p=22030"},"modified":"2014-10-15T12:20:54","modified_gmt":"2014-10-15T15:20:54","slug":"lanus-con-el-objetivo-del-bicampeonato-visita-a-cerro-porteno","status":"publish","type":"post","link":"https:\/\/www.cordobatimes.com\/deportes\/futbol\/2014\/10\/15\/lanus-con-el-objetivo-del-bicampeonato-visita-a-cerro-porteno\/","title":{"rendered":"Lan\u00fas cay\u00f3 con Cerro Porte\u00f1o en Paraguay"},"content":{"rendered":"<h3><strong><a href=\"http:\/\/www.cordobatimes.com\/deportes\/wp-content\/uploads\/2014\/10\/Lan\u00fas.jpg\"><img loading=\"lazy\" decoding=\"async\" class=\"size-full wp-image-22070 aligncenter\" alt=\"Lan\u00fas\" src=\"http:\/\/www.cordobatimes.com\/deportes\/wp-content\/uploads\/2014\/10\/Lan\u00fas.jpg\" width=\"620\" height=\"413\" data-id=\"22070\" srcset=\"https:\/\/www.cordobatimes.com\/deportes\/wp-content\/uploads\/2014\/10\/Lan\u00fas.jpg 620w, https:\/\/www.cordobatimes.com\/deportes\/wp-content\/uploads\/2014\/10\/Lan\u00fas-300x199.jpg 300w\" sizes=\"auto, (max-width: 620px) 100vw, 620px\" \/><\/a><\/strong><\/h3>\n<h3><strong>El Granate comenz\u00f3 la defensa del t\u00edtulo en la Copa Sudamericana con una derrota frente a Cerro por 2-1, en un partido correspondiente a los octavos de final.<\/strong><\/h3>\n<p>&nbsp;<\/p>\n<p>El primer tiempo no tuvo muchas situaciones de gol y fue el conjunto argentino el que cont\u00f3 con la m\u00e1s clara, en el inicio, a trav\u00e9s de un remate de Iv\u00e1n Bella que dio en el palo.<\/p>\n<p>El complemento fue mucho m\u00e1s abierto y en una r\u00e1faga, con dos tantos de Oscar Romero (16 y 18m), el equipo conducido por Leonardo Astrada sac\u00f3 ventaja de dos. Lan\u00fas reaccion\u00f3 y por intermedio de Santiago Silva (27m) encontr\u00f3 un descuento que puede ser muy importante para la vuelta.<\/p>\n<p>En el final los dos tuvieron oportunidades para cambiar el resultado y la m\u00e1s clara la tuvo el local: tiro libre de Jonathan Fabbro, rebote en la barrera, manotazo de Mat\u00edas Ib\u00e1\u00f1ez y el palo evit\u00f3 el tercero guaran\u00ed.<\/p>\n<p><strong>FORMACIONES<\/strong><\/p>\n<p>Cerro Porte\u00f1o:\u00a0Diego Barreto; Carlos Bonet, Victor Hugo Mareco, Bruno Valdez o Danilo Ortiz y C\u00e9sar Benitez; Mauricio Sperdutti, Fidencio Oviedo, Julio Dos Santos y Oscar Romero; Daniel G\u00fciza y Jos\u00e9 Ortigoza. DT: Leonardo Astrada.<\/p>\n<p>Lan\u00fas:\u00a0Matias Iba\u00f1ez; Carlos Araujo, Mat\u00edas Martinez, Diego Braghieri y Maximiliano Vel\u00e1zquez; V\u00edctor Ayala, Leandro Somoza y Jorge Ortiz; Silvio Romero, Santiago Silva y Lautaro Acosta. DT: Guillermo Barros Schelotto.<\/p>\n<p>Fuente: TyC Sports.<\/p>\n","protected":false},"excerpt":{"rendered":"<p>El Granate comenz\u00f3 la defensa del t\u00edtulo en la Copa Sudamericana con una derrota frente a Cerro por 2-1, en un partido correspondiente a los octavos de final. &nbsp; El primer tiempo no tuvo muchas situaciones de gol y fue el conjunto argentino el que cont\u00f3 con la m\u00e1s clara, en el inicio, a trav\u00e9s [&hellip;]<\/p>\n","protected":false},"author":2,"featured_media":22031,"comment_status":"closed","ping_status":"closed","sticky":false,"template":"","format":"standard","meta":{"_seopress_robots_primary_cat":"","_seopress_titles_title":"","_seopress_titles_desc":"","_seopress_robots_index":"","footnotes":""},"categories":[23,2],"tags":[1967,5570,4188,73],"class_list":["post-22030","post","type-post","status-publish","format-standard","has-post-thumbnail","hentry","category-copa-sudamericana","category-futbol","tag-cerro-porteno","tag-copa-sudamericana","tag-ida","tag-lanus"],"_links":{"self":[{"href":"https:\/\/www.cordobatimes.com\/deportes\/wp-json\/wp\/v2\/posts\/22030","targetHints":{"allow":["GET"]}}],"collection":[{"href":"https:\/\/www.cordobatimes.com\/deportes\/wp-json\/wp\/v2\/posts"}],"about":[{"href":"https:\/\/www.cordobatimes.com\/deportes\/wp-json\/wp\/v2\/types\/post"}],"author":[{"embeddable":true,"href":"https:\/\/www.cordobatimes.com\/deportes\/wp-json\/wp\/v2\/users\/2"}],"replies":[{"embeddable":true,"href":"https:\/\/www.cordobatimes.com\/deportes\/wp-json\/wp\/v2\/comments?post=22030"}],"version-history":[{"count":0,"href":"https:\/\/www.cordobatimes.com\/deportes\/wp-json\/wp\/v2\/posts\/22030\/revisions"}],"wp:featuredmedia":[{"embeddable":true,"href":"https:\/\/www.cordobatimes.com\/deportes\/wp-json\/wp\/v2\/media\/22031"}],"wp:attachment":[{"href":"https:\/\/www.cordobatimes.com\/deportes\/wp-json\/wp\/v2\/media?parent=22030"}],"wp:term":[{"taxonomy":"category","embeddable":true,"href":"https:\/\/www.cordobatimes.com\/deportes\/wp-json\/wp\/v2\/categories?post=22030"},{"taxonomy":"post_tag","embeddable":true,"href":"https:\/\/www.cordobatimes.com\/deportes\/wp-json\/wp\/v2\/tags?post=22030"}],"curies":[{"name":"wp","href":"https:\/\/api.w.org\/{rel}","templated":true}]}}