{"id":21599,"date":"2014-10-06T23:05:14","date_gmt":"2014-10-07T02:05:14","guid":{"rendered":"http:\/\/www.cordobatimes.com\/deportes\/?p=21599"},"modified":"2014-10-06T23:37:16","modified_gmt":"2014-10-07T02:37:16","slug":"lanus-visita-a-central-con-le-objetivo-de-acercarse-a-la-punta","status":"publish","type":"post","link":"https:\/\/www.cordobatimes.com\/deportes\/futbol\/2014\/10\/06\/lanus-visita-a-central-con-le-objetivo-de-acercarse-a-la-punta\/","title":{"rendered":"Lan\u00fas gan\u00f3 en Rosario y acecha la punta"},"content":{"rendered":"<p><b><a href=\"http:\/\/www.cordobatimes.com\/deportes\/wp-content\/uploads\/2014\/10\/lanus-central.jpg_274898881.jpg\"><img loading=\"lazy\" decoding=\"async\" class=\"size-full wp-image-21609 aligncenter\" alt=\"lanus-central.jpg_274898881\" src=\"http:\/\/www.cordobatimes.com\/deportes\/wp-content\/uploads\/2014\/10\/lanus-central.jpg_274898881.jpg\" width=\"624\" height=\"468\" data-id=\"21609\" srcset=\"https:\/\/www.cordobatimes.com\/deportes\/wp-content\/uploads\/2014\/10\/lanus-central.jpg_274898881.jpg 624w, https:\/\/www.cordobatimes.com\/deportes\/wp-content\/uploads\/2014\/10\/lanus-central.jpg_274898881-300x225.jpg 300w\" sizes=\"auto, (max-width: 624px) 100vw, 624px\" \/><\/a><\/b><\/p>\n<p><strong>Lan\u00fas venci\u00f3 esta noche a Rosario Central por 2 a 1 y qued\u00f3 a dos unidades del puntero River, en un partido que tuvo m\u00e1s emoci\u00f3n que f\u00fatbol, por la d\u00e9cima fecha del Torneo Transici\u00f3n y que se disput\u00f3 en el Gigante de Arroyito.\u00a0<\/strong><\/p>\n<p>&nbsp;<\/p>\n<p>Los goles del conjunto &#8220;granate&#8221; fueron marcados por Silvio Romero, a los 34 minutos del primer tiempo, y Mat\u00edas Mart\u00ednez, de cabeza, a los 8 del complemento, mientras que Walter Acu\u00f1a, a los 19 de ese per\u00edodo, descont\u00f3 para el local. A poco del comienzo Lan\u00fas sorprendi\u00f3 a Central con una llegada clara de Ort\u00edz que Caranta sac\u00f3 al c\u00f3rner, pero la reacci\u00f3n del &#8220;canalla&#8221; no se hizo esperar y un remate cruzado de Ferrari y una salvada incre\u00edble de Ib\u00e1\u00f1ez ante un disparo de Encina, fueron las m\u00e1s claras.<\/p>\n<p>El partido se hizo intenso en el mediocampo, donde Central presion\u00f3 con las presencias de Encina y Barrientos, pero el &#8220;granate&#8221; plante\u00f3 pelea con la experiencia de Somoza y la velocidad de Gonz\u00e1lez.<\/p>\n<p>Sin embargo, el conjunto de Guillermo Barros Schelotto no ten\u00eda peso en el ataque, porque tanto Silva como Acosta pelearon y perdieron m\u00e1s de lo que ganaron con la defensa local. Una excelente pase de Araujo para Romero, dej\u00f3 al delantero de cara a Caranta y con un toque entre las piernas abri\u00f3 el marcador. Sorprendido Central, en el complemento sali\u00f3 decidido a buscar el empate, pero dejando muchos huecos en defensa, que Lan\u00fas supo aprovechar. Primero Romero tard\u00f3 en definir al quedar mano a mano con Caranta, y Donatti salv\u00f3 en la l\u00ednea.<\/p>\n<p style=\"text-align: justify;\">Pero Lan\u00fas volvi\u00f3 a pegar en el ment\u00f3n del \u00e1nimo &#8220;canalla&#8221;, cuando a los 8 un centro de Vel\u00e1zquez lo conect\u00f3 Mat\u00edas Martinez de cabeza y Caranta qued\u00f3 inm\u00f3vil viendo como el bal\u00f3n se meti\u00f3 en su arco.<\/p>\n<p style=\"text-align: justify;\">La presencia de Ib\u00e1\u00f1ez se hizo fuerte, porque a los 11 le sac\u00f3 un tremendo cabezazo a Donatti, aunque a los 19 no pudo ante un disparo -medio mordido- de Acu\u00f1a, que descont\u00f3 para el local. Miguel \u00c1ngel Russo hab\u00eda colocado a Acu\u00f1a por Encina y al colombiano Valencia por Abreu, buscando un poco de ox\u00edgeno y profundidad, pero Lan\u00fas supo aguantar los embates.<\/p>\n<p style=\"text-align: justify;\">El ingreso de Becker le dio algo m\u00e1s de movilidad al mediocampo del equipo rosarino, que acos\u00f3 a un Lan\u00fas apostado decididamente a defender la ventaja en los \u00faltimos minutos. A los 38 Delgado ejecut\u00f3 un magn\u00edfico tiro libre, pero el travesa\u00f1o le ahog\u00f3 el grito de gol, en la chance m\u00e1s propicia para poder llegar a la igualdad.<\/p>\n<p style=\"text-align: justify;\"><span style=\"text-decoration: underline;\"><strong>S\u00edntesis:<\/strong><\/span><\/p>\n<p style=\"text-align: justify;\"><strong>Estadio<\/strong>: Gigante de Arroyito.<\/p>\n<p style=\"text-align: justify;\"><strong>\u00c1rbitro<\/strong>: Pablo Lunati.<\/p>\n<p style=\"text-align: justify;\"><strong>Rosario Central<\/strong>: Mauricio Caranta; Paulo Ferrari, Alejandro Donatti, Tom\u00e1s Berra, Rafael Delgado; Hern\u00e1n Encina, Fernando Barrientos, Nery Dom\u00ednguez y Jon\u00e1s Aguirre; Sebasti\u00e1n Abreu y Franco Niell DT: Miguel Angel Russo.<\/p>\n<p style=\"text-align: justify;\"><strong>Lan\u00fas:<\/strong> Nelson Iba\u00f1ez; Carlos Araujo, Mat\u00edas Mart\u00ednez, Diego Braghieri, Maximiliano Vel\u00e1zquez; Diego Gonz\u00e1lez, Leandro Somoza, Jorge Ortiz; Silvio Romero, Santiago Silva y Lautaro Acosta. DT: Guillermo Barros Schelotto.<\/p>\n<p style=\"text-align: justify;\">Gol en el primer tiempo: 34m Romero (L). Goles en el segundo tiempo: 8m Mat\u00edas Mart\u00ednez (L), 19m Acu\u00f1a (RC).<\/p>\n<p style=\"text-align: justify;\">Cambios en el segundo tiempo: 16m Jos\u00e9 Valencia por Abreu (RC) y Walter Acu\u00f1a por Encina (RC), 21m V\u00edctor Ayala por Romero (L), 32m Pablo Becker por Niell (RC), 40m Melano por Acosta (L), 44m Nicol\u00e1s Pasquini por Ort\u00edz (L).<\/p>\n<p style=\"text-align: justify;\"><strong>Goles:<\/strong><\/p>\n<p style=\"text-align: justify;\"><b>\u00a0<\/b><\/p>\n<p><iframe loading=\"lazy\" src=\"\/\/www.youtube.com\/embed\/jE-t95OOLpw\" height=\"315\" width=\"100%\" allowfullscreen=\"\" frameborder=\"0\"><\/iframe><\/p>\n<p><iframe loading=\"lazy\" src=\"\/\/www.youtube.com\/embed\/Nxx8wVvwJKw\" height=\"315\" width=\"100%\" allowfullscreen=\"\" frameborder=\"0\"><\/iframe><\/p>\n<p><iframe loading=\"lazy\" src=\"\/\/www.youtube.com\/embed\/OegQTWqES1U\" height=\"315\" width=\"100%\" allowfullscreen=\"\" frameborder=\"0\"><\/iframe><\/p>\n","protected":false},"excerpt":{"rendered":"<p>Lan\u00fas venci\u00f3 esta noche a Rosario Central por 2 a 1 y qued\u00f3 a dos unidades del puntero River, en un partido que tuvo m\u00e1s emoci\u00f3n que f\u00fatbol, por la d\u00e9cima fecha del Torneo Transici\u00f3n y que se disput\u00f3 en el Gigante de Arroyito.\u00a0 &nbsp; Los goles del conjunto &#8220;granate&#8221; fueron marcados por Silvio Romero, [&hellip;]<\/p>\n","protected":false},"author":15,"featured_media":21610,"comment_status":"open","ping_status":"open","sticky":false,"template":"","format":"standard","meta":{"_seopress_robots_primary_cat":"","_seopress_titles_title":"","_seopress_titles_desc":"","_seopress_robots_index":"","footnotes":""},"categories":[2,16],"tags":[33,3536,4138],"class_list":["post-21599","post","type-post","status-publish","format-standard","has-post-thumbnail","hentry","category-futbol","category-primera-division","tag-afa","tag-primera-divison","tag-rosario-central-lanus"],"_links":{"self":[{"href":"https:\/\/www.cordobatimes.com\/deportes\/wp-json\/wp\/v2\/posts\/21599","targetHints":{"allow":["GET"]}}],"collection":[{"href":"https:\/\/www.cordobatimes.com\/deportes\/wp-json\/wp\/v2\/posts"}],"about":[{"href":"https:\/\/www.cordobatimes.com\/deportes\/wp-json\/wp\/v2\/types\/post"}],"author":[{"embeddable":true,"href":"https:\/\/www.cordobatimes.com\/deportes\/wp-json\/wp\/v2\/users\/15"}],"replies":[{"embeddable":true,"href":"https:\/\/www.cordobatimes.com\/deportes\/wp-json\/wp\/v2\/comments?post=21599"}],"version-history":[{"count":0,"href":"https:\/\/www.cordobatimes.com\/deportes\/wp-json\/wp\/v2\/posts\/21599\/revisions"}],"wp:featuredmedia":[{"embeddable":true,"href":"https:\/\/www.cordobatimes.com\/deportes\/wp-json\/wp\/v2\/media\/21610"}],"wp:attachment":[{"href":"https:\/\/www.cordobatimes.com\/deportes\/wp-json\/wp\/v2\/media?parent=21599"}],"wp:term":[{"taxonomy":"category","embeddable":true,"href":"https:\/\/www.cordobatimes.com\/deportes\/wp-json\/wp\/v2\/categories?post=21599"},{"taxonomy":"post_tag","embeddable":true,"href":"https:\/\/www.cordobatimes.com\/deportes\/wp-json\/wp\/v2\/tags?post=21599"}],"curies":[{"name":"wp","href":"https:\/\/api.w.org\/{rel}","templated":true}]}}