{"id":21557,"date":"2014-10-05T10:53:39","date_gmt":"2014-10-05T13:53:39","guid":{"rendered":"http:\/\/www.cordobatimes.com\/deportes\/?p=21557"},"modified":"2014-10-05T10:53:39","modified_gmt":"2014-10-05T13:53:39","slug":"wtcc-pechito-lopez-hizo-podio-en-china","status":"publish","type":"post","link":"https:\/\/www.cordobatimes.com\/deportes\/automovilismo\/2014\/10\/05\/wtcc-pechito-lopez-hizo-podio-en-china\/","title":{"rendered":"WTCC: \u201cPechito\u201d L\u00f3pez hizo podio en China"},"content":{"rendered":"<h3><a href=\"http:\/\/www.cordobatimes.com\/deportes\/wp-content\/uploads\/2014\/08\/Pechito-Lopez.jpg\"><img loading=\"lazy\" decoding=\"async\" class=\"size-full wp-image-17887 aligncenter\" alt=\"Pechito Lopez\" src=\"http:\/\/www.cordobatimes.com\/deportes\/wp-content\/uploads\/2014\/08\/Pechito-Lopez.jpg\" width=\"600\" height=\"338\" data-id=\"17887\" srcset=\"https:\/\/www.cordobatimes.com\/deportes\/wp-content\/uploads\/2014\/08\/Pechito-Lopez.jpg 600w, https:\/\/www.cordobatimes.com\/deportes\/wp-content\/uploads\/2014\/08\/Pechito-Lopez-300x169.jpg 300w\" sizes=\"auto, (max-width: 600px) 100vw, 600px\" \/><\/a><\/h3>\n<h3>El cordob\u00e9s fue tercero en la primera de las dos carreras disputadas en Beijing por el Campeonato Mundial de Turismo y\u00a0<b>ampli\u00f3 su ventaja como l\u00edder. En la otra lleg\u00f3 cuarto.<\/b><\/h3>\n<p>&nbsp;<\/p>\n<p>El piloto argentino Jos\u00e9 Mar\u00eda &#8220;Pechito&#8221; L\u00f3pez (Citroen) subi\u00f3 hoy al podio en la primera de las dos carreras disputadas en Beijing, China, por el Campeonato Mundial de Turismo (WTCC) y ampli\u00f3 su ventaja como l\u00edder, cumplida la novena fecha.<\/p>\n<p>El cordob\u00e9s fue tercero en la primera competencia, que tuvo como ganador al ingl\u00e9s Tom Chilton (Chevrolet), secundado por el actual campe\u00f3n, el alem\u00e1n Yvan Muller (Citroen ), tras 25 vueltas al trazado de 2.301 metros.<\/p>\n<p>L\u00f3pez, en la segunda prueba tambi\u00e9n a 25 giros, finaliz\u00f3 cuarto, en tanto que el vencedor result\u00f3 el ingl\u00e9s Roff Huff (Lada), por primera vez en la categor\u00eda.<\/p>\n<p>El argentino lidera ahora el campeonato con 339 puntos en el campeonato, escoltado por su &#8220;coequiper&#8221; Muller, con 273 y el franc\u00e9s Sebastien Loeb, tambi\u00e9n integrante del equipo, con 238 unidades.<\/p>\n<p>Fuente: Telam<\/p>\n","protected":false},"excerpt":{"rendered":"<p>El cordob\u00e9s fue tercero en la primera de las dos carreras disputadas en Beijing por el Campeonato Mundial de Turismo y\u00a0ampli\u00f3 su ventaja como l\u00edder. En la otra lleg\u00f3 cuarto. &nbsp; El piloto argentino Jos\u00e9 Mar\u00eda &#8220;Pechito&#8221; L\u00f3pez (Citroen) subi\u00f3 hoy al podio en la primera de las dos carreras disputadas en Beijing, China, por [&hellip;]<\/p>\n","protected":false},"author":2,"featured_media":17887,"comment_status":"open","ping_status":"open","sticky":false,"template":"","format":"standard","meta":{"_seopress_robots_primary_cat":"","_seopress_titles_title":"","_seopress_titles_desc":"","_seopress_robots_index":"","footnotes":""},"categories":[1],"tags":[1735,287,413],"class_list":["post-21557","post","type-post","status-publish","format-standard","has-post-thumbnail","hentry","category-automovilismo","tag-china","tag-pechito-lopez","tag-wtcc"],"_links":{"self":[{"href":"https:\/\/www.cordobatimes.com\/deportes\/wp-json\/wp\/v2\/posts\/21557","targetHints":{"allow":["GET"]}}],"collection":[{"href":"https:\/\/www.cordobatimes.com\/deportes\/wp-json\/wp\/v2\/posts"}],"about":[{"href":"https:\/\/www.cordobatimes.com\/deportes\/wp-json\/wp\/v2\/types\/post"}],"author":[{"embeddable":true,"href":"https:\/\/www.cordobatimes.com\/deportes\/wp-json\/wp\/v2\/users\/2"}],"replies":[{"embeddable":true,"href":"https:\/\/www.cordobatimes.com\/deportes\/wp-json\/wp\/v2\/comments?post=21557"}],"version-history":[{"count":0,"href":"https:\/\/www.cordobatimes.com\/deportes\/wp-json\/wp\/v2\/posts\/21557\/revisions"}],"wp:featuredmedia":[{"embeddable":true,"href":"https:\/\/www.cordobatimes.com\/deportes\/wp-json\/wp\/v2\/media\/17887"}],"wp:attachment":[{"href":"https:\/\/www.cordobatimes.com\/deportes\/wp-json\/wp\/v2\/media?parent=21557"}],"wp:term":[{"taxonomy":"category","embeddable":true,"href":"https:\/\/www.cordobatimes.com\/deportes\/wp-json\/wp\/v2\/categories?post=21557"},{"taxonomy":"post_tag","embeddable":true,"href":"https:\/\/www.cordobatimes.com\/deportes\/wp-json\/wp\/v2\/tags?post=21557"}],"curies":[{"name":"wp","href":"https:\/\/api.w.org\/{rel}","templated":true}]}}