{"id":21529,"date":"2014-10-04T14:54:06","date_gmt":"2014-10-04T17:54:06","guid":{"rendered":"http:\/\/www.cordobatimes.com\/deportes\/?p=21529"},"modified":"2014-10-04T14:54:06","modified_gmt":"2014-10-04T17:54:06","slug":"boca-tambien-usara-una-camiseta-especial-ante-river","status":"publish","type":"post","link":"https:\/\/www.cordobatimes.com\/deportes\/futbol\/2014\/10\/04\/boca-tambien-usara-una-camiseta-especial-ante-river\/","title":{"rendered":"Boca tambi\u00e9n usar\u00e1 una camiseta especial ante River"},"content":{"rendered":"<p style=\"text-align: center;\"><a href=\"http:\/\/www.cordobatimes.com\/deportes\/wp-content\/uploads\/2014\/10\/camiseta-boca1.jpg_274898881.jpg\"><img loading=\"lazy\" decoding=\"async\" class=\"size-full wp-image-21530 aligncenter\" alt=\"camiseta-boca1.jpg_274898881\" src=\"http:\/\/www.cordobatimes.com\/deportes\/wp-content\/uploads\/2014\/10\/camiseta-boca1.jpg_274898881.jpg\" width=\"624\" height=\"468\" data-id=\"21530\" srcset=\"https:\/\/www.cordobatimes.com\/deportes\/wp-content\/uploads\/2014\/10\/camiseta-boca1.jpg_274898881.jpg 624w, https:\/\/www.cordobatimes.com\/deportes\/wp-content\/uploads\/2014\/10\/camiseta-boca1.jpg_274898881-300x225.jpg 300w\" sizes=\"auto, (max-width: 624px) 100vw, 624px\" \/><\/a><\/p>\n<h3>Boca utilizar\u00e1 en el <span style=\"color: #0000ff;\"><a title=\"El afiche del Supercl\u00e1sico que nos representa a todos\" href=\"http:\/\/www.cordobatimes.com\/deportes\/futbol\/2014\/10\/03\/el-afiche-del-superclasico-que-nos-representa-a-todos\/\"><span style=\"color: #0000ff;\">Supercl\u00e1sico<\/span><\/a><\/span> una camiseta con una inscripci\u00f3n alusiva al encuentro.<\/h3>\n<p>&nbsp;<\/p>\n<p>El domingo a las 17.15 habr\u00e1 fiesta en el Monumental. Los dos equipos m\u00e1s grandes de la Argentina se cruzar\u00e1n en una nueva edici\u00f3n del cl\u00e1sico m\u00e1s atractivo del mundo.<\/p>\n<p style=\"text-align: justify;\">\nEs por ello, que tanto Boca como<span style=\"color: #0000ff;\"> <a title=\"River usar\u00e1 una camiseta especial para recibir a Boca\" href=\"http:\/\/www.cordobatimes.com\/deportes\/futbol\/2014\/10\/03\/river-usara-una-camiseta-especial-para-recibir-a-boca\/\"><span style=\"color: #0000ff;\">River <\/span><\/a><\/span>utilizar\u00e1n una camiseta especial.<\/p>\n<p>El Xeneize lucir\u00e1 la casaca tradicional con los colores azul y amarillo pero la misma llevar\u00e1 una leyenda que hace referencia al encuentro: \u201cEl cl\u00e1sico mundial\u201d y la fecha (05\/10\/2014).<\/p>\n<p>La diferencia con la que vestir\u00e1 el Millonario est\u00e1 en que la de Boca no especifica en d\u00f3nde se jugar\u00e1 el partido.<\/p>\n","protected":false},"excerpt":{"rendered":"<p>Boca utilizar\u00e1 en el Supercl\u00e1sico una camiseta con una inscripci\u00f3n alusiva al encuentro. &nbsp; El domingo a las 17.15 habr\u00e1 fiesta en el Monumental. Los dos equipos m\u00e1s grandes de la Argentina se cruzar\u00e1n en una nueva edici\u00f3n del cl\u00e1sico m\u00e1s atractivo del mundo. Es por ello, que tanto Boca como River utilizar\u00e1n una camiseta [&hellip;]<\/p>\n","protected":false},"author":20,"featured_media":21530,"comment_status":"open","ping_status":"open","sticky":false,"template":"","format":"standard","meta":{"_seopress_robots_primary_cat":"","_seopress_titles_title":"","_seopress_titles_desc":"","_seopress_robots_index":"","footnotes":""},"categories":[2,16],"tags":[33,52,74,1046],"class_list":["post-21529","post","type-post","status-publish","format-standard","has-post-thumbnail","hentry","category-futbol","category-primera-division","tag-afa","tag-boca","tag-river","tag-superclasico"],"_links":{"self":[{"href":"https:\/\/www.cordobatimes.com\/deportes\/wp-json\/wp\/v2\/posts\/21529","targetHints":{"allow":["GET"]}}],"collection":[{"href":"https:\/\/www.cordobatimes.com\/deportes\/wp-json\/wp\/v2\/posts"}],"about":[{"href":"https:\/\/www.cordobatimes.com\/deportes\/wp-json\/wp\/v2\/types\/post"}],"author":[{"embeddable":true,"href":"https:\/\/www.cordobatimes.com\/deportes\/wp-json\/wp\/v2\/users\/20"}],"replies":[{"embeddable":true,"href":"https:\/\/www.cordobatimes.com\/deportes\/wp-json\/wp\/v2\/comments?post=21529"}],"version-history":[{"count":0,"href":"https:\/\/www.cordobatimes.com\/deportes\/wp-json\/wp\/v2\/posts\/21529\/revisions"}],"wp:featuredmedia":[{"embeddable":true,"href":"https:\/\/www.cordobatimes.com\/deportes\/wp-json\/wp\/v2\/media\/21530"}],"wp:attachment":[{"href":"https:\/\/www.cordobatimes.com\/deportes\/wp-json\/wp\/v2\/media?parent=21529"}],"wp:term":[{"taxonomy":"category","embeddable":true,"href":"https:\/\/www.cordobatimes.com\/deportes\/wp-json\/wp\/v2\/categories?post=21529"},{"taxonomy":"post_tag","embeddable":true,"href":"https:\/\/www.cordobatimes.com\/deportes\/wp-json\/wp\/v2\/tags?post=21529"}],"curies":[{"name":"wp","href":"https:\/\/api.w.org\/{rel}","templated":true}]}}