{"id":21498,"date":"2014-10-03T22:55:58","date_gmt":"2014-10-04T01:55:58","guid":{"rendered":"http:\/\/www.cordobatimes.com\/deportes\/?p=21498"},"modified":"2014-10-04T12:23:02","modified_gmt":"2014-10-04T15:23:02","slug":"la-mole-moli-volvera-a-pelear","status":"publish","type":"post","link":"https:\/\/www.cordobatimes.com\/deportes\/polideportivo\/2014\/10\/03\/la-mole-moli-volvera-a-pelear\/","title":{"rendered":"La &#8220;Mole&#8221; Moli volver\u00e1 a pelear"},"content":{"rendered":"<p style=\"text-align: center;\"><a href=\"http:\/\/www.cordobatimes.com\/deportes\/wp-content\/uploads\/2014\/10\/Mole-Moli.jpg\"><img loading=\"lazy\" decoding=\"async\" class=\"size-full wp-image-21499 aligncenter\" alt=\"Mole Moli\" src=\"http:\/\/www.cordobatimes.com\/deportes\/wp-content\/uploads\/2014\/10\/Mole-Moli.jpg\" width=\"611\" height=\"352\" data-id=\"21499\" srcset=\"https:\/\/www.cordobatimes.com\/deportes\/wp-content\/uploads\/2014\/10\/Mole-Moli.jpg 611w, https:\/\/www.cordobatimes.com\/deportes\/wp-content\/uploads\/2014\/10\/Mole-Moli-300x172.jpg 300w, https:\/\/www.cordobatimes.com\/deportes\/wp-content\/uploads\/2014\/10\/Mole-Moli-305x175.jpg 305w\" sizes=\"auto, (max-width: 611px) 100vw, 611px\" \/><\/a><\/p>\n<h3 style=\"text-align: justify;\"><b>Ser\u00e1 frente a Gonzalo \u201cel Pat\u00f3n\u201d Basile. La velada se llevar\u00e1 a cabo a finales de noviembre, en lugar a confirmar. <\/b><\/h3>\n<p style=\"text-align: justify;\">\n<p style=\"text-align: justify;\">\n<p style=\"text-align: justify;\">Fabio Moli (44-9-0. 29 KO\u2019s) volver\u00e1 al ring luego de la derrota por descalificaci\u00f3n ante Mat\u00edas Vidondo, el 30 de agosto del a\u00f1o pasado. El choque ser\u00e1 ante Gonzalo Basile (63-9-0, 29 KO\u2019s), miembro del Sindicato de Camionero y conocido por tener casi la totalidad de su cuerpo cubierto por tatuajes.<\/p>\n<p style=\"text-align: justify;\">Si bien todav\u00eda no hay fecha y lugar confirmados, se sabe que la pelea se realizar\u00e1 sobre fines de noviembre. \u201cPuede que peleemos el viernes 21 de noviembre. El jueves vamos a hacer una presentaci\u00f3n en Buenos Aires y ah\u00ed se van a dar m\u00e1s detalles\u201d, coment\u00f3 la \u201cMole\u201d.<\/p>\n<p style=\"text-align: justify;\">El evento estar\u00e1 a cargo de Alberto G\u00f3mez, quien se encarga de promocionar el boxeo. Seg\u00fan trascendi\u00f3, Cr\u00f3nica TV ser\u00e1 quien transmitir\u00e1 la velada.<\/p>\n","protected":false},"excerpt":{"rendered":"<p>Ser\u00e1 frente a Gonzalo \u201cel Pat\u00f3n\u201d Basile. La velada se llevar\u00e1 a cabo a finales de noviembre, en lugar a confirmar. Fabio Moli (44-9-0. 29 KO\u2019s) volver\u00e1 al ring luego de la derrota por descalificaci\u00f3n ante Mat\u00edas Vidondo, el 30 de agosto del a\u00f1o pasado. El choque ser\u00e1 ante Gonzalo Basile (63-9-0, 29 KO\u2019s), miembro [&hellip;]<\/p>\n","protected":false},"author":15,"featured_media":21499,"comment_status":"open","ping_status":"open","sticky":false,"template":"","format":"standard","meta":{"_seopress_robots_primary_cat":"","_seopress_titles_title":"","_seopress_titles_desc":"","_seopress_robots_index":"","footnotes":""},"categories":[7,6],"tags":[5561,920],"class_list":["post-21498","post","type-post","status-publish","format-standard","has-post-thumbnail","hentry","category-boxeo","category-polideportivo","tag-boxeo","tag-mole-moli"],"_links":{"self":[{"href":"https:\/\/www.cordobatimes.com\/deportes\/wp-json\/wp\/v2\/posts\/21498","targetHints":{"allow":["GET"]}}],"collection":[{"href":"https:\/\/www.cordobatimes.com\/deportes\/wp-json\/wp\/v2\/posts"}],"about":[{"href":"https:\/\/www.cordobatimes.com\/deportes\/wp-json\/wp\/v2\/types\/post"}],"author":[{"embeddable":true,"href":"https:\/\/www.cordobatimes.com\/deportes\/wp-json\/wp\/v2\/users\/15"}],"replies":[{"embeddable":true,"href":"https:\/\/www.cordobatimes.com\/deportes\/wp-json\/wp\/v2\/comments?post=21498"}],"version-history":[{"count":0,"href":"https:\/\/www.cordobatimes.com\/deportes\/wp-json\/wp\/v2\/posts\/21498\/revisions"}],"wp:featuredmedia":[{"embeddable":true,"href":"https:\/\/www.cordobatimes.com\/deportes\/wp-json\/wp\/v2\/media\/21499"}],"wp:attachment":[{"href":"https:\/\/www.cordobatimes.com\/deportes\/wp-json\/wp\/v2\/media?parent=21498"}],"wp:term":[{"taxonomy":"category","embeddable":true,"href":"https:\/\/www.cordobatimes.com\/deportes\/wp-json\/wp\/v2\/categories?post=21498"},{"taxonomy":"post_tag","embeddable":true,"href":"https:\/\/www.cordobatimes.com\/deportes\/wp-json\/wp\/v2\/tags?post=21498"}],"curies":[{"name":"wp","href":"https:\/\/api.w.org\/{rel}","templated":true}]}}