{"id":21491,"date":"2014-10-03T19:26:04","date_gmt":"2014-10-03T22:26:04","guid":{"rendered":"http:\/\/www.cordobatimes.com\/deportes\/?p=21491"},"modified":"2019-04-11T22:47:34","modified_gmt":"2019-04-12T01:47:34","slug":"mario-kempes-evoluciona-favorablemente-luego-de-su-operacion","status":"publish","type":"post","link":"https:\/\/www.cordobatimes.com\/deportes\/futbol\/2014\/10\/03\/mario-kempes-evoluciona-favorablemente-luego-de-su-operacion\/","title":{"rendered":"Mario Kempes evoluciona favorablemente luego de su operaci\u00f3n"},"content":{"rendered":"<h3 style=\"text-align: justify;\"><b>Despu\u00e9s de la intervenci\u00f3n de seis bypass, el Matador mejora de manera notable. As\u00ed lo comunicaron desde ESPN, donde el goleador del Mundial 78 trabaja.<\/b><\/h3>\n<p style=\"text-align: justify;\">Mario Alberto Kempes ya fue trasladado a una habitaci\u00f3n normal y \u201csigue mejorando cada d\u00eda\u201d, anunciaron de ESPN, donde el cordob\u00e9s trabaja. \u201cEsta de muy buen humor, ya caminando un poco y con menos dolor\u201d, a\u00f1adieron.<\/p>\n<p style=\"text-align: justify;\">Luego comunicaron que el Matador saldr\u00e1 del hospital pronto si todo sigue as\u00ed. El ex Instituto, de 60 a\u00f1os, fue intervenido el martes en un hospital de Connecticut d\u00f3nde los m\u00e9dicos le realizaron seis bypass para corregir arterias tapadas.<\/p>\n<p style=\"text-align: justify;\">Kempes fue el goleador del Mundial de 1978, donde se coron\u00f3 campe\u00f3n con la camiseta Argentina anotando dos tantos en la final ante Holanda. El ariete marc\u00f3 20 goles en 43 partidos con la celeste y blanca. Tambi\u00e9n fue dos veces m\u00e1ximo artillero de la liga espa\u00f1ola con el Valencia.<\/p>\n","protected":false},"excerpt":{"rendered":"<p>Despu\u00e9s de la intervenci\u00f3n de seis bypass, el Matador mejora de manera notable. As\u00ed lo comunicaron desde ESPN, donde el goleador del Mundial 78 trabaja. Mario Alberto Kempes ya fue trasladado a una habitaci\u00f3n normal y \u201csigue mejorando cada d\u00eda\u201d, anunciaron de ESPN, donde el cordob\u00e9s trabaja. \u201cEsta de muy buen humor, ya caminando un [&hellip;]<\/p>\n","protected":false},"author":15,"featured_media":21492,"comment_status":"open","ping_status":"open","sticky":false,"template":"","format":"standard","meta":{"_seopress_robots_primary_cat":"none","_seopress_titles_title":"","_seopress_titles_desc":"","_seopress_robots_index":"","footnotes":""},"categories":[2],"tags":[1090,516],"class_list":["post-21491","post","type-post","status-publish","format-standard","has-post-thumbnail","hentry","category-futbol","tag-estados-unidos","tag-mario-alberto-kempes"],"_links":{"self":[{"href":"https:\/\/www.cordobatimes.com\/deportes\/wp-json\/wp\/v2\/posts\/21491","targetHints":{"allow":["GET"]}}],"collection":[{"href":"https:\/\/www.cordobatimes.com\/deportes\/wp-json\/wp\/v2\/posts"}],"about":[{"href":"https:\/\/www.cordobatimes.com\/deportes\/wp-json\/wp\/v2\/types\/post"}],"author":[{"embeddable":true,"href":"https:\/\/www.cordobatimes.com\/deportes\/wp-json\/wp\/v2\/users\/15"}],"replies":[{"embeddable":true,"href":"https:\/\/www.cordobatimes.com\/deportes\/wp-json\/wp\/v2\/comments?post=21491"}],"version-history":[{"count":0,"href":"https:\/\/www.cordobatimes.com\/deportes\/wp-json\/wp\/v2\/posts\/21491\/revisions"}],"wp:featuredmedia":[{"embeddable":true,"href":"https:\/\/www.cordobatimes.com\/deportes\/wp-json\/wp\/v2\/media\/21492"}],"wp:attachment":[{"href":"https:\/\/www.cordobatimes.com\/deportes\/wp-json\/wp\/v2\/media?parent=21491"}],"wp:term":[{"taxonomy":"category","embeddable":true,"href":"https:\/\/www.cordobatimes.com\/deportes\/wp-json\/wp\/v2\/categories?post=21491"},{"taxonomy":"post_tag","embeddable":true,"href":"https:\/\/www.cordobatimes.com\/deportes\/wp-json\/wp\/v2\/tags?post=21491"}],"curies":[{"name":"wp","href":"https:\/\/api.w.org\/{rel}","templated":true}]}}