{"id":21482,"date":"2014-10-03T15:32:39","date_gmt":"2014-10-03T18:32:39","guid":{"rendered":"http:\/\/www.cordobatimes.com\/deportes\/?p=21482"},"modified":"2014-10-03T17:07:30","modified_gmt":"2014-10-03T20:07:30","slug":"el-afiche-del-superclasico-que-nos-representa-a-todos","status":"publish","type":"post","link":"https:\/\/www.cordobatimes.com\/deportes\/futbol\/2014\/10\/03\/el-afiche-del-superclasico-que-nos-representa-a-todos\/","title":{"rendered":"El afiche del Supercl\u00e1sico que nos representa a todos"},"content":{"rendered":"<p style=\"text-align: center;\"><a href=\"http:\/\/www.cordobatimes.com\/deportes\/wp-content\/uploads\/2014\/10\/afiche-vsviolencia1.jpg_274898881.jpg\"><img loading=\"lazy\" decoding=\"async\" class=\"size-full wp-image-21483 aligncenter\" alt=\"afiche-vsviolencia1.jpg_274898881\" src=\"http:\/\/www.cordobatimes.com\/deportes\/wp-content\/uploads\/2014\/10\/afiche-vsviolencia1.jpg_274898881.jpg\" width=\"624\" height=\"468\" data-id=\"21483\" srcset=\"https:\/\/www.cordobatimes.com\/deportes\/wp-content\/uploads\/2014\/10\/afiche-vsviolencia1.jpg_274898881.jpg 624w, https:\/\/www.cordobatimes.com\/deportes\/wp-content\/uploads\/2014\/10\/afiche-vsviolencia1.jpg_274898881-300x225.jpg 300w\" sizes=\"auto, (max-width: 624px) 100vw, 624px\" \/><\/a><\/p>\n<h3>&#8220;El f\u00fatbol es pasi\u00f3n, basta de violencia&#8221;. \u00c9sa es la frase que reza en los afiches con los que Capital Federal amaneci\u00f3 empapelada en la previa del partido entre River y Boca.<\/h3>\n<p style=\"text-align: justify;\">Se viene el Supercl\u00e1sico del domingo y tanto protagonistas como hinchas desean que este nuevo River- Boca se viva en paz.<\/p>\n<p style=\"text-align: justify;\">En concordancia con ello, este jueves, la Capital Federal amaneci\u00f3 empapelada con afiches contra la violencia. en ellos aparecen dos ni\u00f1os vestidos uno, con la camiseta de Boca y otrocon la de River, abrazados y con la frase: <strong>&#8220;El f\u00fatbol es pasi\u00f3n, basta de violencia&#8221;.<\/strong><\/p>\n<p style=\"text-align: justify;\">Tras la euforia y expectativas que viene generando el Supercl\u00e1sico, los DT de cada equipo, ya han confirmado los once.<\/p>\n<p style=\"text-align: justify;\">Por el lado de River Plate, Gallardo\u00a0\u00a0confirm\u00f3 el equipo titular que viene de empatar con Lan\u00fas.<\/p>\n<p style=\"text-align: justify;\">En la pr\u00e1ctica, el t\u00e9cnico dispuso a los diez jugadores, con excepci\u00f3n del arquero Marcelo Barovero, que jugaron ante Lan\u00fas y ensayaron trabajos a dos toques, sin arcos, con foco en la presi\u00f3n y en reafirmar los conceptos que habitualmente expone el equipo.<\/p>\n<p style=\"text-align: justify;\">De esta forma, el equipo ir\u00e1 con: Marcelo Barovero; Gabriel Mercado, Jonathan Maidana, Ramiro Funes Mori y Leonel Vangioni; Carlos S\u00e1nchez, Leonardo Ponzio, Ariel Rojas y Leonardo Pisculichi; Rodrigo Mora y Te\u00f3filo Guti\u00e9rrez.<\/p>\n<p style=\"text-align: justify;\">Arruabarrena\u00a0por el lado de Boca, ensay\u00f3 con el mismo equipo que venci\u00f3 a Quilmes en una cancha mojada para que sus jugadores se adapten al Monumental.<\/p>\n<p style=\"text-align: justify;\">El equipo Xeneize estaria conformado por\u00a0Agust\u00edn Ori\u00f3n; Leandro Mar\u00edn, Mariano Echeverr\u00eda, Lisandro Magall\u00e1n y Nicol\u00e1s Colazo; C\u00e9sar Meli, Cristian Erbes y Fernando Gago; Federico Carrizo, Jonathan Calleri y Andr\u00e9s Ch\u00e1vez.<\/p>\n","protected":false},"excerpt":{"rendered":"<p>&#8220;El f\u00fatbol es pasi\u00f3n, basta de violencia&#8221;. \u00c9sa es la frase que reza en los afiches con los que Capital Federal amaneci\u00f3 empapelada en la previa del partido entre River y Boca. Se viene el Supercl\u00e1sico del domingo y tanto protagonistas como hinchas desean que este nuevo River- Boca se viva en paz. En concordancia [&hellip;]<\/p>\n","protected":false},"author":20,"featured_media":21483,"comment_status":"open","ping_status":"open","sticky":false,"template":"","format":"standard","meta":{"_seopress_robots_primary_cat":"","_seopress_titles_title":"","_seopress_titles_desc":"","_seopress_robots_index":"","footnotes":""},"categories":[2,16],"tags":[33,52,850,1046],"class_list":["post-21482","post","type-post","status-publish","format-standard","has-post-thumbnail","hentry","category-futbol","category-primera-division","tag-afa","tag-boca","tag-river-plate","tag-superclasico"],"_links":{"self":[{"href":"https:\/\/www.cordobatimes.com\/deportes\/wp-json\/wp\/v2\/posts\/21482","targetHints":{"allow":["GET"]}}],"collection":[{"href":"https:\/\/www.cordobatimes.com\/deportes\/wp-json\/wp\/v2\/posts"}],"about":[{"href":"https:\/\/www.cordobatimes.com\/deportes\/wp-json\/wp\/v2\/types\/post"}],"author":[{"embeddable":true,"href":"https:\/\/www.cordobatimes.com\/deportes\/wp-json\/wp\/v2\/users\/20"}],"replies":[{"embeddable":true,"href":"https:\/\/www.cordobatimes.com\/deportes\/wp-json\/wp\/v2\/comments?post=21482"}],"version-history":[{"count":0,"href":"https:\/\/www.cordobatimes.com\/deportes\/wp-json\/wp\/v2\/posts\/21482\/revisions"}],"wp:featuredmedia":[{"embeddable":true,"href":"https:\/\/www.cordobatimes.com\/deportes\/wp-json\/wp\/v2\/media\/21483"}],"wp:attachment":[{"href":"https:\/\/www.cordobatimes.com\/deportes\/wp-json\/wp\/v2\/media?parent=21482"}],"wp:term":[{"taxonomy":"category","embeddable":true,"href":"https:\/\/www.cordobatimes.com\/deportes\/wp-json\/wp\/v2\/categories?post=21482"},{"taxonomy":"post_tag","embeddable":true,"href":"https:\/\/www.cordobatimes.com\/deportes\/wp-json\/wp\/v2\/tags?post=21482"}],"curies":[{"name":"wp","href":"https:\/\/api.w.org\/{rel}","templated":true}]}}