{"id":21417,"date":"2014-10-03T09:18:03","date_gmt":"2014-10-03T12:18:03","guid":{"rendered":"http:\/\/www.cordobatimes.com\/deportes\/?p=21417"},"modified":"2014-10-03T09:21:08","modified_gmt":"2014-10-03T12:21:08","slug":"river-usara-una-camiseta-especial-para-recibir-a-boca","status":"publish","type":"post","link":"https:\/\/www.cordobatimes.com\/deportes\/futbol\/2014\/10\/03\/river-usara-una-camiseta-especial-para-recibir-a-boca\/","title":{"rendered":"River usar\u00e1 una camiseta especial para recibir a Boca"},"content":{"rendered":"<figure id=\"attachment_21438\" aria-describedby=\"caption-attachment-21438\" style=\"width: 683px\" class=\"wp-caption aligncenter\"><a href=\"http:\/\/www.cordobatimes.com\/deportes\/wp-content\/uploads\/2014\/10\/riveeeeeeeeeeer.jpg\"><img loading=\"lazy\" decoding=\"async\" class=\"size-full wp-image-21438  \" alt=\"riveeeeeeeeeeer\" src=\"http:\/\/www.cordobatimes.com\/deportes\/wp-content\/uploads\/2014\/10\/riveeeeeeeeeeer.jpg\" width=\"683\" height=\"387\" data-id=\"21438\" srcset=\"https:\/\/www.cordobatimes.com\/deportes\/wp-content\/uploads\/2014\/10\/riveeeeeeeeeeer.jpg 683w, https:\/\/www.cordobatimes.com\/deportes\/wp-content\/uploads\/2014\/10\/riveeeeeeeeeeer-300x169.jpg 300w\" sizes=\"auto, (max-width: 683px) 100vw, 683px\" \/><\/a><figcaption id=\"caption-attachment-21438\" class=\"wp-caption-text\">La camiseta de River para el pr\u00f3ximo domingo<\/figcaption><\/figure>\n<h3><strong>Los Millonarios utilizar\u00e1n en el Supercl\u00e1sico una camiseta que tendr\u00e1 una inscripci\u00f3n especial acorde a las\u00a0circunstancias para recibir a Boca, por la d\u00e9cima fecha del torneo de Primera divisi\u00f3n.<\/strong><\/h3>\n<p>&nbsp;<\/p>\n<p>La casaca de La Banda tendr\u00e1 la inscripci\u00f3n &#8220;El Cl\u00e1sico Mundial &#8211; 5\/10\/2014 &#8211; Estadio Monumental&#8221;.<\/p>\n<p>Indumentaria especial para un partido especial, donde River espera afianzarse en la cima de la tabla de posiciones y Boca aspira a ganar y descontar distancias con el puntero.<\/p>\n","protected":false},"excerpt":{"rendered":"<p>Los Millonarios utilizar\u00e1n en el Supercl\u00e1sico una camiseta que tendr\u00e1 una inscripci\u00f3n especial acorde a las\u00a0circunstancias para recibir a Boca, por la d\u00e9cima fecha del torneo de Primera divisi\u00f3n. &nbsp; La casaca de La Banda tendr\u00e1 la inscripci\u00f3n &#8220;El Cl\u00e1sico Mundial &#8211; 5\/10\/2014 &#8211; Estadio Monumental&#8221;. Indumentaria especial para un partido especial, donde River espera [&hellip;]<\/p>\n","protected":false},"author":20,"featured_media":21438,"comment_status":"open","ping_status":"open","sticky":false,"template":"","format":"standard","meta":{"_seopress_robots_primary_cat":"","_seopress_titles_title":"","_seopress_titles_desc":"","_seopress_robots_index":"","footnotes":""},"categories":[2,16],"tags":[33,850,1046],"class_list":["post-21417","post","type-post","status-publish","format-standard","has-post-thumbnail","hentry","category-futbol","category-primera-division","tag-afa","tag-river-plate","tag-superclasico"],"_links":{"self":[{"href":"https:\/\/www.cordobatimes.com\/deportes\/wp-json\/wp\/v2\/posts\/21417","targetHints":{"allow":["GET"]}}],"collection":[{"href":"https:\/\/www.cordobatimes.com\/deportes\/wp-json\/wp\/v2\/posts"}],"about":[{"href":"https:\/\/www.cordobatimes.com\/deportes\/wp-json\/wp\/v2\/types\/post"}],"author":[{"embeddable":true,"href":"https:\/\/www.cordobatimes.com\/deportes\/wp-json\/wp\/v2\/users\/20"}],"replies":[{"embeddable":true,"href":"https:\/\/www.cordobatimes.com\/deportes\/wp-json\/wp\/v2\/comments?post=21417"}],"version-history":[{"count":0,"href":"https:\/\/www.cordobatimes.com\/deportes\/wp-json\/wp\/v2\/posts\/21417\/revisions"}],"wp:featuredmedia":[{"embeddable":true,"href":"https:\/\/www.cordobatimes.com\/deportes\/wp-json\/wp\/v2\/media\/21438"}],"wp:attachment":[{"href":"https:\/\/www.cordobatimes.com\/deportes\/wp-json\/wp\/v2\/media?parent=21417"}],"wp:term":[{"taxonomy":"category","embeddable":true,"href":"https:\/\/www.cordobatimes.com\/deportes\/wp-json\/wp\/v2\/categories?post=21417"},{"taxonomy":"post_tag","embeddable":true,"href":"https:\/\/www.cordobatimes.com\/deportes\/wp-json\/wp\/v2\/tags?post=21417"}],"curies":[{"name":"wp","href":"https:\/\/api.w.org\/{rel}","templated":true}]}}