{"id":21395,"date":"2014-10-02T14:26:38","date_gmt":"2014-10-02T17:26:38","guid":{"rendered":"http:\/\/www.cordobatimes.com\/deportes\/?p=21395"},"modified":"2014-10-04T12:24:26","modified_gmt":"2014-10-04T15:24:26","slug":"talleres-visita-a-alvarado-ultimo-de-la-zona","status":"publish","type":"post","link":"https:\/\/www.cordobatimes.com\/deportes\/futbol\/2014\/10\/02\/talleres-visita-a-alvarado-ultimo-de-la-zona\/","title":{"rendered":"Federal A: Talleres visita a Alvarado, \u00faltimo de la zona"},"content":{"rendered":"<h3><strong><a href=\"http:\/\/www.cordobatimes.com\/deportes\/wp-content\/uploads\/2014\/10\/Talleres.jpg\"><img loading=\"lazy\" decoding=\"async\" class=\"size-full wp-image-21396 aligncenter\" alt=\"Talleres\" src=\"http:\/\/www.cordobatimes.com\/deportes\/wp-content\/uploads\/2014\/10\/Talleres.jpg\" width=\"624\" height=\"468\" data-id=\"21396\" srcset=\"https:\/\/www.cordobatimes.com\/deportes\/wp-content\/uploads\/2014\/10\/Talleres.jpg 624w, https:\/\/www.cordobatimes.com\/deportes\/wp-content\/uploads\/2014\/10\/Talleres-300x225.jpg 300w\" sizes=\"auto, (max-width: 624px) 100vw, 624px\" \/><\/a><\/strong><\/h3>\n<h3><strong>Desde las 16, en el Estadio Jos\u00e9 Mar\u00eda Minella, los de Barrio Jard\u00edn intentar\u00e1n acercarse a los puestos de vanguardia en este Federal A. De ganar, quedar\u00e1n a tres puntos del l\u00edder, Uni\u00f3n de Mar del Plata. Televisa Showsport.<\/strong><\/h3>\n<p>&nbsp;<\/p>\n<p>Luego del empate en 1 frente a Libertad, en Sunchales, Talleres recuperar\u00e1 esta tarde su partido postergado de la tercera fecha ante Alvarado, con serios problemas econ\u00f3micos y una realidad deportiva de las peores de la categor\u00eda.<\/p>\n<p>El conjunto de Sergio Coleoni necesita conseguir tres puntos que lo acerquen a Uni\u00f3n, el que actualmente se ubica a seis unidades.<\/p>\n<p>Buscando el triunfo, el DT apostar\u00e1 nuevamente por Julio Mozzo en la mitad de cancha y har\u00e1 ingresar tambi\u00e9n a V\u00edctor Beraldi y Diego Marti\u00f1o\u00f1es. De esta forma, Gabriel Carabajal ocupar\u00e1 el sector derecho del mediocampo, compuesto tambi\u00e9n por Agust\u00edn D\u00edaz.<\/p>\n<p><strong>FORMACIONES<\/strong><\/p>\n<p><strong>Alvarado:<\/strong>\u00a0Aldo Su\u00e1rez; Nicol\u00e1s Colaneri, Leonardo Gogna, Alberto Alarc\u00f3n y Leandro P\u00e1ez; Alejandro Carrizo, Juan Rodr\u00edguez Rend\u00f3n, Cristian Paganelli y Leonardo Ver\u00f3n; Mariano V\u00e1zquez; Braian Cortadi.<strong>DT:<\/strong>\u00a0Carlos Miori.<\/p>\n<p><strong>Talleres:<\/strong>\u00a0Federico Costa; Rodrigo Ch\u00e1vez, Luis Herrera, El\u00edas Bazzi y Lautaro Formica; Gabriel Carabajal, Agust\u00edn D\u00edaz, Julio Mozzo y V\u00edctor Beraldi; Diego Mart\u00ednez y Diego Marti\u00f1o\u00f1es.\u00a0<strong>DT:<\/strong>\u00a0Sergio Coleoni.<\/p>\n","protected":false},"excerpt":{"rendered":"<p>Desde las 16, en el Estadio Jos\u00e9 Mar\u00eda Minella, los de Barrio Jard\u00edn intentar\u00e1n acercarse a los puestos de vanguardia en este Federal A. De ganar, quedar\u00e1n a tres puntos del l\u00edder, Uni\u00f3n de Mar del Plata. Televisa Showsport. &nbsp; Luego del empate en 1 frente a Libertad, en Sunchales, Talleres recuperar\u00e1 esta tarde su [&hellip;]<\/p>\n","protected":false},"author":2,"featured_media":21407,"comment_status":"open","ping_status":"open","sticky":false,"template":"","format":"standard","meta":{"_seopress_robots_primary_cat":"","_seopress_titles_title":"","_seopress_titles_desc":"","_seopress_robots_index":"","footnotes":""},"categories":[2],"tags":[33,4129,3658,730],"class_list":["post-21395","post","type-post","status-publish","format-standard","has-post-thumbnail","hentry","category-futbol","tag-afa","tag-alvarado-de-mar-del-plata","tag-federal-a","tag-talleres-de-cordoba"],"_links":{"self":[{"href":"https:\/\/www.cordobatimes.com\/deportes\/wp-json\/wp\/v2\/posts\/21395","targetHints":{"allow":["GET"]}}],"collection":[{"href":"https:\/\/www.cordobatimes.com\/deportes\/wp-json\/wp\/v2\/posts"}],"about":[{"href":"https:\/\/www.cordobatimes.com\/deportes\/wp-json\/wp\/v2\/types\/post"}],"author":[{"embeddable":true,"href":"https:\/\/www.cordobatimes.com\/deportes\/wp-json\/wp\/v2\/users\/2"}],"replies":[{"embeddable":true,"href":"https:\/\/www.cordobatimes.com\/deportes\/wp-json\/wp\/v2\/comments?post=21395"}],"version-history":[{"count":0,"href":"https:\/\/www.cordobatimes.com\/deportes\/wp-json\/wp\/v2\/posts\/21395\/revisions"}],"wp:featuredmedia":[{"embeddable":true,"href":"https:\/\/www.cordobatimes.com\/deportes\/wp-json\/wp\/v2\/media\/21407"}],"wp:attachment":[{"href":"https:\/\/www.cordobatimes.com\/deportes\/wp-json\/wp\/v2\/media?parent=21395"}],"wp:term":[{"taxonomy":"category","embeddable":true,"href":"https:\/\/www.cordobatimes.com\/deportes\/wp-json\/wp\/v2\/categories?post=21395"},{"taxonomy":"post_tag","embeddable":true,"href":"https:\/\/www.cordobatimes.com\/deportes\/wp-json\/wp\/v2\/tags?post=21395"}],"curies":[{"name":"wp","href":"https:\/\/api.w.org\/{rel}","templated":true}]}}