{"id":21136,"date":"2014-09-28T18:51:28","date_gmt":"2014-09-28T21:51:28","guid":{"rendered":"http:\/\/www.cordobatimes.com\/deportes\/?p=21136"},"modified":"2014-09-29T00:03:47","modified_gmt":"2014-09-29T03:03:47","slug":"talleres-empato-en-sunchales","status":"publish","type":"post","link":"https:\/\/www.cordobatimes.com\/deportes\/futbol\/2014\/09\/28\/talleres-empato-en-sunchales\/","title":{"rendered":"Talleres empat\u00f3 en Sunchales"},"content":{"rendered":"<h3 style=\"text-align: justify;\"><\/h3>\n<figure id=\"attachment_21140\" aria-describedby=\"caption-attachment-21140\" style=\"width: 600px\" class=\"wp-caption aligncenter\"><a href=\"http:\/\/www.cordobatimes.com\/deportes\/wp-content\/uploads\/2014\/09\/Bypg_XCIUAALLZI.jpg\"><img loading=\"lazy\" decoding=\"async\" class=\"size-full wp-image-21140\" alt=\"Foto: Pedro Castillo - Mundo D\" src=\"http:\/\/www.cordobatimes.com\/deportes\/wp-content\/uploads\/2014\/09\/Bypg_XCIUAALLZI.jpg\" width=\"600\" height=\"337\" data-id=\"21140\" srcset=\"https:\/\/www.cordobatimes.com\/deportes\/wp-content\/uploads\/2014\/09\/Bypg_XCIUAALLZI.jpg 600w, https:\/\/www.cordobatimes.com\/deportes\/wp-content\/uploads\/2014\/09\/Bypg_XCIUAALLZI-300x168.jpg 300w\" sizes=\"auto, (max-width: 600px) 100vw, 600px\" \/><\/a><figcaption id=\"caption-attachment-21140\" class=\"wp-caption-text\">Foto: Pedro Castillo &#8211; Mundo D<\/figcaption><\/figure>\n<h3 style=\"text-align: justify;\"><b>La \u201cT\u201d lo ganaba con gol de Diego Mart\u00ednez, pero Mauricio Oca\u00f1o puso el 1-1 final de penal. Gabriel Garabajal se retir\u00f3 lesionado.<\/b><\/h3>\n<p>&nbsp;<\/p>\n<p style=\"text-align: justify;\">Talleres igual\u00f3 1-1 con Libertad en Sunchales, por una nueva fecha de la Zona 5 del Torneo Federal A. El conjunto de barrio Jard\u00edn venia de empatar con Defensores de Belgrano en el Kempes y ten\u00eda que sumar de a tres para prenderse en la lucha por el ascenso.<\/p>\n<p style=\"text-align: justify;\">En el primer tiempo, los locales comenzaron mejor y tuvieron algunas chances para ponerse en ventaja. El\u00edas Bazzi salv\u00f3 el arco de Costa cuando parec\u00eda llegar el 1 a 0. Para peores, Bovaglio se lesiono durante la entrada en calor y Herrera ocup\u00f3 su lugar.<\/p>\n<p style=\"text-align: justify;\">De todas formas, el Matador aguant\u00f3 los ataques de Libertad y con el correr de los minutos supo manejar el partido. Sobre el final de la primera etapa, Carabajal debi\u00f3 abandonar el campo de juego por una lesi\u00f3n, y en su lugar ingreso Ramis.<\/p>\n<p style=\"text-align: justify;\">En el complemento, Diego Mart\u00ednez aprovech\u00f3 una mala salida de Dar\u00edo Sand para poner el 1-0 a los cinco minutos. A partir de all\u00ed, y con el correr de los minutos, todo parec\u00eda indicar que los de Sergio Coleoni se llevar\u00edan la victoria. Pero, a los 37m, Formica tap\u00f3 un bal\u00f3n con la mano en el \u00e1rea, que el \u00e1rbitro no dudo y cobr\u00f3 penal. As\u00ed, Oca\u00f1o puso el 1-1 definitivo.<\/p>\n<p style=\"text-align: justify;\"><strong><span style=\"text-decoration: underline;\">Formaciones<\/span><br \/>\n<\/strong><strong><\/strong><\/p>\n<p style=\"text-align: justify;\"><strong>Libertad<\/strong>: Dar\u00edo Sand; Federico Allende, Federico Arach, Mauricio Oca\u00f1o, Gast\u00f3n Pinto; Mariano Torresi, Ezequiel Saavedra, Rodrigo Acosta, Mat\u00edas Rinaudo; Jonathan Lastra, Dovetta o Weiner. DT: Ricardo Pancaldo.<\/p>\n<p style=\"text-align: justify;\"><strong>Talleres<\/strong>: Federico Costa; Rodrigo Ch\u00e1ves, Lucas Bovaglio, El\u00edas Bazzi, Lautaro Formica; Ezequiel Barrionuevo, Nicol\u00e1s Schenone Paz, Agust\u00edn D\u00edaz, Patricio Rodr\u00edguez; Gabriel Carabajal, Diego Mart\u00ednez. DT: Sergio Coleoni.<\/p>\n","protected":false},"excerpt":{"rendered":"<p>La \u201cT\u201d lo ganaba con gol de Diego Mart\u00ednez, pero Mauricio Oca\u00f1o puso el 1-1 final de penal. Gabriel Garabajal se retir\u00f3 lesionado. &nbsp; Talleres igual\u00f3 1-1 con Libertad en Sunchales, por una nueva fecha de la Zona 5 del Torneo Federal A. El conjunto de barrio Jard\u00edn venia de empatar con Defensores de Belgrano [&hellip;]<\/p>\n","protected":false},"author":15,"featured_media":21137,"comment_status":"open","ping_status":"open","sticky":false,"template":"","format":"standard","meta":{"_seopress_robots_primary_cat":"","_seopress_titles_title":"","_seopress_titles_desc":"","_seopress_robots_index":"","footnotes":""},"categories":[2],"tags":[33,3887,3658,3636,40],"class_list":["post-21136","post","type-post","status-publish","format-standard","has-post-thumbnail","hentry","category-futbol","tag-afa","tag-cronica","tag-federal-a","tag-libertad-de-sunchales","tag-talleres"],"_links":{"self":[{"href":"https:\/\/www.cordobatimes.com\/deportes\/wp-json\/wp\/v2\/posts\/21136","targetHints":{"allow":["GET"]}}],"collection":[{"href":"https:\/\/www.cordobatimes.com\/deportes\/wp-json\/wp\/v2\/posts"}],"about":[{"href":"https:\/\/www.cordobatimes.com\/deportes\/wp-json\/wp\/v2\/types\/post"}],"author":[{"embeddable":true,"href":"https:\/\/www.cordobatimes.com\/deportes\/wp-json\/wp\/v2\/users\/15"}],"replies":[{"embeddable":true,"href":"https:\/\/www.cordobatimes.com\/deportes\/wp-json\/wp\/v2\/comments?post=21136"}],"version-history":[{"count":0,"href":"https:\/\/www.cordobatimes.com\/deportes\/wp-json\/wp\/v2\/posts\/21136\/revisions"}],"wp:featuredmedia":[{"embeddable":true,"href":"https:\/\/www.cordobatimes.com\/deportes\/wp-json\/wp\/v2\/media\/21137"}],"wp:attachment":[{"href":"https:\/\/www.cordobatimes.com\/deportes\/wp-json\/wp\/v2\/media?parent=21136"}],"wp:term":[{"taxonomy":"category","embeddable":true,"href":"https:\/\/www.cordobatimes.com\/deportes\/wp-json\/wp\/v2\/categories?post=21136"},{"taxonomy":"post_tag","embeddable":true,"href":"https:\/\/www.cordobatimes.com\/deportes\/wp-json\/wp\/v2\/tags?post=21136"}],"curies":[{"name":"wp","href":"https:\/\/api.w.org\/{rel}","templated":true}]}}