{"id":21122,"date":"2014-09-28T18:06:44","date_gmt":"2014-09-28T21:06:44","guid":{"rendered":"http:\/\/www.cordobatimes.com\/deportes\/?p=21122"},"modified":"2014-09-28T18:13:14","modified_gmt":"2014-09-28T21:13:14","slug":"racing-goleo-a-belgrano-en-el-kempes","status":"publish","type":"post","link":"https:\/\/www.cordobatimes.com\/deportes\/futbol\/2014\/09\/28\/racing-goleo-a-belgrano-en-el-kempes\/","title":{"rendered":"Racing gole\u00f3 a Belgrano en el Kempes"},"content":{"rendered":"<h3><a href=\"http:\/\/www.cordobatimes.com\/deportes\/wp-content\/uploads\/2014\/09\/torneo-primera-division-1950445w620.jpg\"><img loading=\"lazy\" decoding=\"async\" class=\"aligncenter size-full wp-image-21124\" alt=\"torneo-primera-division-1950445w620\" src=\"http:\/\/www.cordobatimes.com\/deportes\/wp-content\/uploads\/2014\/09\/torneo-primera-division-1950445w620.jpg\" width=\"620\" height=\"413\" data-id=\"21124\" srcset=\"https:\/\/www.cordobatimes.com\/deportes\/wp-content\/uploads\/2014\/09\/torneo-primera-division-1950445w620.jpg 620w, https:\/\/www.cordobatimes.com\/deportes\/wp-content\/uploads\/2014\/09\/torneo-primera-division-1950445w620-300x199.jpg 300w\" sizes=\"auto, (max-width: 620px) 100vw, 620px\" \/><\/a><\/h3>\n<h3><strong>Con dobletes de Bou y Acu\u00f1a, la Academia se llev\u00f3 un triunfo de C\u00f3rdoba y extendi\u00f3 su buen momento, tras la reacci\u00f3n ante Boca; el Pirata termin\u00f3 con nueve hombres.<\/strong><\/h3>\n<p>&nbsp;<\/p>\n<p style=\"text-align: justify;\">Racing\u00a0gole\u00f3 esta tarde a\u00a0Belgrano\u00a04-1 en el Kempes y volvi\u00f3 a acercarse a los primeros lugares del\u00a0torneo de Primera Divisi\u00f3n\u00a0tras jugar por la novena fecha del certamen.<\/p>\n<p style=\"text-align: justify;\">Con dos goles de Gustavo Bou, que suma cinco en las \u00faltimas tres fechas, y otros dos de Marcos Acu\u00f1a, Racing revirti\u00f3 un comienzo adverso con el gol de C\u00e9sar Pereyra a los 7 minutos de iniciado el encuentro. Belgrano termin\u00f3 con nueve hombres por las expulsiones de Pier Barrios y Pereyra, tras lo cual el entrenador y varios futbolistas locales se fueron contra el vestuario del \u00e1rbitro N\u00e9stor Pitana.<\/p>\n<p><object width=\"100%\" height=\"261\" classid=\"clsid:d27cdb6e-ae6d-11cf-96b8-444553540000\" codebase=\"http:\/\/download.macromedia.com\/pub\/shockwave\/cabs\/flash\/swflash.cab#version=6,0,40,0\"><param name=\"src\" value=\"http:\/\/www.clarin.com\/static\/CLAClarin\/swf\/jwplayer\/player.swf\" \/><param name=\"allowscriptaccess\" value=\"always\" \/><param name=\"allowfullscreen\" value=\"true\" \/><param name=\"flashvars\" value=\"&amp;controlbar=over&amp;file=http:\/\/contenidos2.clarin.com\/sincro\/diario\/flv\/2014\/09\/28\/VID\/CLAVID20140928_0002\/video_web.flv%3Fn%3D0&amp;image=\/deportes\/Belgrano-Racing_CLAVID20140928_0002_35.jpg&amp;ova.ads=%5Bobject%20Object%5D&amp;ova.autoPlay=false&amp;ova.autoplay=false&amp;ova.clearPlaylist=false&amp;ova.debug=%5Bobject%20Object%5D&amp;ova.delayAdRequestUntilPlay=true&amp;ova.delayadrequestuntilplay=true&amp;ova.height=261&amp;ova.ignoreDefaultSplashImage=false&amp;ova.pluginmode=FLASH&amp;ova.shows=%5Bobject%20Object%5D&amp;ova.visible=true&amp;ova.width=424&amp;ova.x=0&amp;ova.y=0&amp;plugins=viral-h%2Chttp:\/\/www.clarin.com%2Fstatic%2FCLAClarin%2Fswf%2Fjwplayer%2Fova-jw.swf&amp;viral.allowmenu=false&amp;viral.oncomplete=false&amp;viral.onpause=true&amp;viral.pluginmode=FLASH\" \/><embed width=\"100%\" height=\"261\" type=\"application\/x-shockwave-flash\" src=\"http:\/\/www.clarin.com\/static\/CLAClarin\/swf\/jwplayer\/player.swf\" allowscriptaccess=\"always\" allowfullscreen=\"true\" flashvars=\"&amp;controlbar=over&amp;file=http:\/\/contenidos2.clarin.com\/sincro\/diario\/flv\/2014\/09\/28\/VID\/CLAVID20140928_0002\/video_web.flv%3Fn%3D0&amp;image=\/deportes\/Belgrano-Racing_CLAVID20140928_0002_35.jpg&amp;ova.ads=%5Bobject%20Object%5D&amp;ova.autoPlay=false&amp;ova.autoplay=false&amp;ova.clearPlaylist=false&amp;ova.debug=%5Bobject%20Object%5D&amp;ova.delayAdRequestUntilPlay=true&amp;ova.delayadrequestuntilplay=true&amp;ova.height=261&amp;ova.ignoreDefaultSplashImage=false&amp;ova.pluginmode=FLASH&amp;ova.shows=%5Bobject%20Object%5D&amp;ova.visible=true&amp;ova.width=424&amp;ova.x=0&amp;ova.y=0&amp;plugins=viral-h%2Chttp:\/\/www.clarin.com%2Fstatic%2FCLAClarin%2Fswf%2Fjwplayer%2Fova-jw.swf&amp;viral.allowmenu=false&amp;viral.oncomplete=false&amp;viral.onpause=true&amp;viral.pluginmode=FLASH\" \/><\/object><\/p>\n","protected":false},"excerpt":{"rendered":"<p>Con dobletes de Bou y Acu\u00f1a, la Academia se llev\u00f3 un triunfo de C\u00f3rdoba y extendi\u00f3 su buen momento, tras la reacci\u00f3n ante Boca; el Pirata termin\u00f3 con nueve hombres. &nbsp; Racing\u00a0gole\u00f3 esta tarde a\u00a0Belgrano\u00a04-1 en el Kempes y volvi\u00f3 a acercarse a los primeros lugares del\u00a0torneo de Primera Divisi\u00f3n\u00a0tras jugar por la novena fecha [&hellip;]<\/p>\n","protected":false},"author":1,"featured_media":21124,"comment_status":"open","ping_status":"open","sticky":false,"template":"","format":"standard","meta":{"_seopress_robots_primary_cat":"","_seopress_titles_title":"","_seopress_titles_desc":"","_seopress_robots_index":"","footnotes":""},"categories":[2,16],"tags":[33,37,4107,76,105,106],"class_list":["post-21122","post","type-post","status-publish","format-standard","has-post-thumbnail","hentry","category-futbol","category-primera-division","tag-afa","tag-belgrano","tag-goleada-de-racing-en-el-kempes","tag-goles","tag-primera-division-2","tag-racing"],"_links":{"self":[{"href":"https:\/\/www.cordobatimes.com\/deportes\/wp-json\/wp\/v2\/posts\/21122","targetHints":{"allow":["GET"]}}],"collection":[{"href":"https:\/\/www.cordobatimes.com\/deportes\/wp-json\/wp\/v2\/posts"}],"about":[{"href":"https:\/\/www.cordobatimes.com\/deportes\/wp-json\/wp\/v2\/types\/post"}],"author":[{"embeddable":true,"href":"https:\/\/www.cordobatimes.com\/deportes\/wp-json\/wp\/v2\/users\/1"}],"replies":[{"embeddable":true,"href":"https:\/\/www.cordobatimes.com\/deportes\/wp-json\/wp\/v2\/comments?post=21122"}],"version-history":[{"count":0,"href":"https:\/\/www.cordobatimes.com\/deportes\/wp-json\/wp\/v2\/posts\/21122\/revisions"}],"wp:featuredmedia":[{"embeddable":true,"href":"https:\/\/www.cordobatimes.com\/deportes\/wp-json\/wp\/v2\/media\/21124"}],"wp:attachment":[{"href":"https:\/\/www.cordobatimes.com\/deportes\/wp-json\/wp\/v2\/media?parent=21122"}],"wp:term":[{"taxonomy":"category","embeddable":true,"href":"https:\/\/www.cordobatimes.com\/deportes\/wp-json\/wp\/v2\/categories?post=21122"},{"taxonomy":"post_tag","embeddable":true,"href":"https:\/\/www.cordobatimes.com\/deportes\/wp-json\/wp\/v2\/tags?post=21122"}],"curies":[{"name":"wp","href":"https:\/\/api.w.org\/{rel}","templated":true}]}}