{"id":20819,"date":"2014-09-24T09:59:19","date_gmt":"2014-09-24T12:59:19","guid":{"rendered":"http:\/\/www.cordobatimes.com\/deportes\/?p=20819"},"modified":"2014-09-24T10:10:28","modified_gmt":"2014-09-24T13:10:28","slug":"talleres-va-por-otro-triunfo-en-el-federal-a","status":"publish","type":"post","link":"https:\/\/www.cordobatimes.com\/deportes\/futbol\/2014\/09\/24\/talleres-va-por-otro-triunfo-en-el-federal-a\/","title":{"rendered":"Talleres va por otro triunfo en el Federal A"},"content":{"rendered":"<h3><strong><a href=\"http:\/\/www.cordobatimes.com\/deportes\/wp-content\/uploads\/2014\/09\/Talleres2.jpg\"><img loading=\"lazy\" decoding=\"async\" class=\"size-full wp-image-20820 aligncenter\" alt=\"Talleres\" src=\"http:\/\/www.cordobatimes.com\/deportes\/wp-content\/uploads\/2014\/09\/Talleres2.jpg\" width=\"1008\" height=\"566\" data-id=\"20820\" srcset=\"https:\/\/www.cordobatimes.com\/deportes\/wp-content\/uploads\/2014\/09\/Talleres2.jpg 1008w, https:\/\/www.cordobatimes.com\/deportes\/wp-content\/uploads\/2014\/09\/Talleres2-300x168.jpg 300w\" sizes=\"auto, (max-width: 1008px) 100vw, 1008px\" \/><\/a><\/strong><\/h3>\n<h3 style=\"text-align: justify;\"><strong>Desde las 21, en el Mario Alberto Kempes, la T recibir\u00e1 a Defensores de Villa Ramallo. Tras dos victorias consecutivas, los de Coleoni intentar\u00e1n seguir por la buena senda y acercarse al primer lugar de la zona.<\/strong><\/h3>\n<p>&nbsp;<\/p>\n<p style=\"text-align: justify;\">Todo cambi\u00f3 en Talleres, o al menos una parte. Los resultados comenzaron a acompa\u00f1ar, brindaron tranquilidad al plantel y tambi\u00e9n a la hinchada, que esta noche acompa\u00f1ar\u00e1 en gran n\u00famero al equipo de Barrio Jard\u00edn.\u00a0En el debe todav\u00eda figura el nivel de juego, hasta ahora muy bajo.<\/p>\n<p style=\"text-align: justify;\">Para intentar mejorar en ese aspecto, el entrenador pondr\u00e1 como titular a Gabriel Carabajal en lugar del lesionado Diego Marti\u00f1ones. As\u00ed, el habilidoso volante buscar\u00e1 integrarse a la sociedad que tiene como protagonistas a V\u00edctor Beraldi, Agust\u00edn D\u00edaz y Favio \u00c1lvarez, los encargados de darle volumen a cada ataque albiazul.<\/p>\n<p style=\"text-align: justify;\">El incentivo del ascenso tuvo anoche una muy buena noticia, ya que el puntero del grupo, Uni\u00f3n de Mar del Plata, igual\u00f3 en el cl\u00e1sico ante Alvarado. Si la T gana hoy, quedar\u00e1 a dos puntos del l\u00edder y todav\u00eda deber\u00e1 jugar su partido pendiente, justamente contra el otro equipo de la &#8220;Ciudad Feliz&#8221;.<\/p>\n<p style=\"text-align: justify;\"><strong>VENTA DE ENTRADAS<\/strong><\/p>\n<p style=\"text-align: justify;\">Los simpatizantes podr\u00e1n adquirirlas durante este mi\u00e9rcoles de 10 a 16 en la Tienda Oficial que el club tiene en &#8220;Galer\u00eda Via Nueva&#8221; (9 de julio 333). Luego de esa hora, los ingresos se vender\u00e1n en el Estadio Kempes. Los precios son: Popular $80; Platea Willington $100; Platea Ardiles $130. Menor, dama y jubilado: Popular $40 y \u00a0Platea $50.<\/p>\n<p style=\"text-align: justify;\"><strong>FORMACIONES<\/strong><\/p>\n<p style=\"text-align: justify;\"><strong>Talleres:<\/strong>\u00a0Federico Costa; Rodrigo Ch\u00e1vez, Lucas Bovaglio, El\u00edas Bazzi y Lautaro F\u00f3rmica; Agust\u00edn D\u00edaz, V\u00edctor Beraldi, Nicol\u00e1s Schenone Paz y Fabio \u00c1lvarez; Gabriel Carabajal y Diego Mart\u00ednez.\u00a0<strong>DT:<\/strong>\u00a0Sergio Coleoni.<\/p>\n<p style=\"text-align: justify;\"><strong>Defensores de Belgrano:<\/strong>\u00a0Guido Herrera; Hern\u00e1n Ruben, Franco Maraia, Diego Guidi y Leonardo Mignaco; Juan Pablo Pasaglia y Fernando Torrent; Juan Cruz Cartechini y Jonatan Campo; Juan Ceballos; Federico Castro.\u00a0<strong>DT:<\/strong>\u00a0Gabriel G\u00f3mez.<\/p>\n","protected":false},"excerpt":{"rendered":"<p>Desde las 21, en el Mario Alberto Kempes, la T recibir\u00e1 a Defensores de Villa Ramallo. Tras dos victorias consecutivas, los de Coleoni intentar\u00e1n seguir por la buena senda y acercarse al primer lugar de la zona. &nbsp; Todo cambi\u00f3 en Talleres, o al menos una parte. Los resultados comenzaron a acompa\u00f1ar, brindaron tranquilidad al [&hellip;]<\/p>\n","protected":false},"author":2,"featured_media":20820,"comment_status":"open","ping_status":"open","sticky":false,"template":"","format":"standard","meta":{"_seopress_robots_primary_cat":"","_seopress_titles_title":"","_seopress_titles_desc":"","_seopress_robots_index":"","footnotes":""},"categories":[2],"tags":[33,4079,3658,40],"class_list":["post-20819","post","type-post","status-publish","format-standard","has-post-thumbnail","hentry","category-futbol","tag-afa","tag-defensores-de-villa-ramallo","tag-federal-a","tag-talleres"],"_links":{"self":[{"href":"https:\/\/www.cordobatimes.com\/deportes\/wp-json\/wp\/v2\/posts\/20819","targetHints":{"allow":["GET"]}}],"collection":[{"href":"https:\/\/www.cordobatimes.com\/deportes\/wp-json\/wp\/v2\/posts"}],"about":[{"href":"https:\/\/www.cordobatimes.com\/deportes\/wp-json\/wp\/v2\/types\/post"}],"author":[{"embeddable":true,"href":"https:\/\/www.cordobatimes.com\/deportes\/wp-json\/wp\/v2\/users\/2"}],"replies":[{"embeddable":true,"href":"https:\/\/www.cordobatimes.com\/deportes\/wp-json\/wp\/v2\/comments?post=20819"}],"version-history":[{"count":0,"href":"https:\/\/www.cordobatimes.com\/deportes\/wp-json\/wp\/v2\/posts\/20819\/revisions"}],"wp:featuredmedia":[{"embeddable":true,"href":"https:\/\/www.cordobatimes.com\/deportes\/wp-json\/wp\/v2\/media\/20820"}],"wp:attachment":[{"href":"https:\/\/www.cordobatimes.com\/deportes\/wp-json\/wp\/v2\/media?parent=20819"}],"wp:term":[{"taxonomy":"category","embeddable":true,"href":"https:\/\/www.cordobatimes.com\/deportes\/wp-json\/wp\/v2\/categories?post=20819"},{"taxonomy":"post_tag","embeddable":true,"href":"https:\/\/www.cordobatimes.com\/deportes\/wp-json\/wp\/v2\/tags?post=20819"}],"curies":[{"name":"wp","href":"https:\/\/api.w.org\/{rel}","templated":true}]}}