{"id":20771,"date":"2014-09-23T12:50:21","date_gmt":"2014-09-23T15:50:21","guid":{"rendered":"http:\/\/www.cordobatimes.com\/deportes\/?p=20771"},"modified":"2014-09-23T23:22:26","modified_gmt":"2014-09-24T02:22:26","slug":"futbol-internacional-luis-enrique-hablo-sobre-la-convocatoria-de-messi-para-la-gira-por-asia","status":"publish","type":"post","link":"https:\/\/www.cordobatimes.com\/deportes\/futbol-internacional\/2014\/09\/23\/futbol-internacional-luis-enrique-hablo-sobre-la-convocatoria-de-messi-para-la-gira-por-asia\/","title":{"rendered":"Luis Enrique habl\u00f3 sobre la convocatoria de Messi para la gira por Asia"},"content":{"rendered":"<p style=\"text-align: center;\"><a href=\"http:\/\/www.cordobatimes.com\/deportes\/wp-content\/uploads\/2014\/09\/DT.jpg\"><img loading=\"lazy\" decoding=\"async\" class=\"size-full wp-image-20772 aligncenter\" alt=\"DT\" src=\"http:\/\/www.cordobatimes.com\/deportes\/wp-content\/uploads\/2014\/09\/DT.jpg\" width=\"610\" height=\"364\" data-id=\"20772\" srcset=\"https:\/\/www.cordobatimes.com\/deportes\/wp-content\/uploads\/2014\/09\/DT.jpg 610w, https:\/\/www.cordobatimes.com\/deportes\/wp-content\/uploads\/2014\/09\/DT-300x179.jpg 300w\" sizes=\"auto, (max-width: 610px) 100vw, 610px\" \/><\/a><\/p>\n<h3 style=\"text-align: justify;\"><b>El director t\u00e9cnico del Barcelona dej\u00f3 en claro su posici\u00f3n con respecto a la convocatoria de la Pulga para los amistosos ante Brasil y Hong Kong.<\/b><\/h3>\n<p style=\"text-align: justify;\">\n<p style=\"text-align: justify;\">\n<p style=\"text-align: justify;\">Ayer se conoci\u00f3 la lista oficial de Gerardo Martino para la gira asi\u00e1tica con los partidos ante el elenco brasile\u00f1o, en Pek\u00edn, y Hong Kong, de visitante. Esto hizo salir a flote algunas especulaciones sobre \u201cel tiempo\u201d que quer\u00eda tomarse Lionel Messi con la camiseta celeste y blanca.<\/p>\n<p style=\"text-align: justify;\">En conferencia de prensa, su t\u00e9cnico en Barcelona, Luis Enrique, manifest\u00f3: \u201cNo tengo que hablar con ning\u00fan jugador de esto. Es una relaci\u00f3n personal entre el jugador y la selecci\u00f3n. Son mayores, ya saben\u201d.<\/p>\n<p style=\"text-align: justify;\">Luego agreg\u00f3: \u201cEl club es lo principal, pero la selecci\u00f3n tiene un objetivo atractivo. No suelo hablar con los jugadores. Es su decisi\u00f3n. Deben decidir qu\u00e9 es lo que les interesa y qu\u00e9 es lo que buscan\u201d.<\/p>\n<p style=\"text-align: justify;\">Por \u00faltimo, el entrenador catal\u00e1n respald\u00f3 a Lio tras su penal errado ante Levante: \u201cLos penaltis los tirar\u00e1 Leo porque as\u00ed lo quieren los jugadores. O igual otro con m\u00e1s confianza. A Leo lo veo participativo, colaborando en todo y con todos. Est\u00e1 haciendo que sea determinante y vital en nuestro juego\u201d.<\/p>\n<section id=\"cuerpo\" itemprop=\"articleBody\">&nbsp;<\/p>\n<p><iframe loading=\"lazy\" src=\"http:\/\/www.youtube.com\/embed\/zggeNXmrOmk\" height=\"349\" width=\"620\" frameborder=\"0\" scrolling=\"\"><\/iframe><\/p>\n<\/section>\n<section id=\"herramientas\"><\/section>\n","protected":false},"excerpt":{"rendered":"<p>El director t\u00e9cnico del Barcelona dej\u00f3 en claro su posici\u00f3n con respecto a la convocatoria de la Pulga para los amistosos ante Brasil y Hong Kong. Ayer se conoci\u00f3 la lista oficial de Gerardo Martino para la gira asi\u00e1tica con los partidos ante el elenco brasile\u00f1o, en Pek\u00edn, y Hong Kong, de visitante. Esto hizo [&hellip;]<\/p>\n","protected":false},"author":15,"featured_media":20772,"comment_status":"open","ping_status":"open","sticky":false,"template":"","format":"standard","meta":{"_seopress_robots_primary_cat":"","_seopress_titles_title":"","_seopress_titles_desc":"","_seopress_robots_index":"","footnotes":""},"categories":[18],"tags":[67,108,655],"class_list":["post-20771","post","type-post","status-publish","format-standard","has-post-thumbnail","hentry","category-futbol-internacional","tag-barcelona","tag-fifa","tag-lionel-messi"],"_links":{"self":[{"href":"https:\/\/www.cordobatimes.com\/deportes\/wp-json\/wp\/v2\/posts\/20771","targetHints":{"allow":["GET"]}}],"collection":[{"href":"https:\/\/www.cordobatimes.com\/deportes\/wp-json\/wp\/v2\/posts"}],"about":[{"href":"https:\/\/www.cordobatimes.com\/deportes\/wp-json\/wp\/v2\/types\/post"}],"author":[{"embeddable":true,"href":"https:\/\/www.cordobatimes.com\/deportes\/wp-json\/wp\/v2\/users\/15"}],"replies":[{"embeddable":true,"href":"https:\/\/www.cordobatimes.com\/deportes\/wp-json\/wp\/v2\/comments?post=20771"}],"version-history":[{"count":0,"href":"https:\/\/www.cordobatimes.com\/deportes\/wp-json\/wp\/v2\/posts\/20771\/revisions"}],"wp:featuredmedia":[{"embeddable":true,"href":"https:\/\/www.cordobatimes.com\/deportes\/wp-json\/wp\/v2\/media\/20772"}],"wp:attachment":[{"href":"https:\/\/www.cordobatimes.com\/deportes\/wp-json\/wp\/v2\/media?parent=20771"}],"wp:term":[{"taxonomy":"category","embeddable":true,"href":"https:\/\/www.cordobatimes.com\/deportes\/wp-json\/wp\/v2\/categories?post=20771"},{"taxonomy":"post_tag","embeddable":true,"href":"https:\/\/www.cordobatimes.com\/deportes\/wp-json\/wp\/v2\/tags?post=20771"}],"curies":[{"name":"wp","href":"https:\/\/api.w.org\/{rel}","templated":true}]}}