{"id":20550,"date":"2014-09-20T21:00:41","date_gmt":"2014-09-21T00:00:41","guid":{"rendered":"http:\/\/www.cordobatimes.com\/deportes\/?p=20550"},"modified":"2014-09-20T22:13:08","modified_gmt":"2014-09-21T01:13:08","slug":"talleres-gano-en-la-pampa-y-obtiene-su-segunda-victoria-consecutiva","status":"publish","type":"post","link":"https:\/\/www.cordobatimes.com\/deportes\/futbol\/2014\/09\/20\/talleres-gano-en-la-pampa-y-obtiene-su-segunda-victoria-consecutiva\/","title":{"rendered":"Talleres gan\u00f3 en La Pampa y obtiene su segunda victoria consecutiva"},"content":{"rendered":"<h3><\/h3>\n<h3><a href=\"http:\/\/www.cordobatimes.com\/deportes\/wp-content\/uploads\/2014\/09\/talleres-en-la-pampa1.jpg\"><img loading=\"lazy\" decoding=\"async\" class=\"aligncenter size-full wp-image-20613\" alt=\"talleres en la pampa\" src=\"http:\/\/www.cordobatimes.com\/deportes\/wp-content\/uploads\/2014\/09\/talleres-en-la-pampa1.jpg\" width=\"720\" height=\"540\" data-id=\"20613\" srcset=\"https:\/\/www.cordobatimes.com\/deportes\/wp-content\/uploads\/2014\/09\/talleres-en-la-pampa1.jpg 720w, https:\/\/www.cordobatimes.com\/deportes\/wp-content\/uploads\/2014\/09\/talleres-en-la-pampa1-300x225.jpg 300w\" sizes=\"auto, (max-width: 720px) 100vw, 720px\" \/><\/a><\/h3>\n<h3><strong>Con un gol a los 33 minutos del complemento por parte de, Marcos Godoy, Talleres de C\u00f3rdoba se llev\u00f3 tres puntos valiosos en un partido que correspondi\u00f3 a la quinta fecha del Torneo Federal \u201cA\u201d. <\/strong><\/h3>\n<p>&nbsp;<\/p>\n<p style=\"text-align: justify;\">El \u00a0partido tuvo un tr\u00e1mite parejo y con escasos pinceladas de buen f\u00fatbol debido al mal estado del campo de juego. Fue emotivo, se meti\u00f3 mucho, pero no hubo grandes ideas. La &#8220;T&#8221; \u00a0justific\u00f3 la victoria mostrando un poco m\u00e1s que Ferro a lo largo de los noventa minutos de juego.<\/p>\n<p style=\"text-align: justify;\">Los Primeros cuarenta y cinco minutos ofrecieron muy poco futbol\u00edsticamente. Ferro tuvo dos situaciones claras de gol. La primera de ellas \u00a0un disparo de larga distancia de Mat\u00edas Sep\u00falveda y la segunda un cabezazo de Lencina. En las dos respondi\u00f3 seguro el arquero visitante.<\/p>\n<p style=\"text-align: justify;\">El equipo local jug\u00f3 tirado muy atr\u00e1s, metido en su terreno de juego \u00a0y con un equipo muy largo, permiti\u00e9ndole a Talleres tener el control de la pelota, aunque con escasas situaciones de gol. La m\u00e1s clara la tuvo Marti\u00f1one que enfrent\u00f3 mano a mano al arquero local y le pelota peg\u00f3 en el travesa\u00f1o. Despu\u00e9s muy poco. Muchas precisiones, pelotas divididas y pocas ideas por partes de los dos equipos.<\/p>\n<p style=\"text-align: justify;\">En la segunda etapa el partido no cambi\u00f3 demasiado. El tr\u00e1mite sigui\u00f3 siendo parejo, a pesar de que Ferro se plant\u00f3 unos metros m\u00e1s adelante en el campo de juego, pero sin generar situaciones claras de gol.<\/p>\n<p style=\"text-align: justify;\">A los 33 minutos lleg\u00f3 el gol de l Matador. Ferro pierde una pelota en la mitad de la cancha a trav\u00e9s de Bruno Baz\u00e1n, habilitaci\u00f3n para Marcos Godoy y \u00e9ste que define en forma excelente ante el achique de Alca\u00edn. \u00a0As\u00ed con la m\u00ednima diferencia finaliz\u00f3 el encuentro. Talleres sum\u00f3 tres puntos valiosos de cara al futuro del torneo. Como hace 30 a\u00f1os, se llev\u00f3 una nueva victoria del \u201cColoso\u201d.<\/p>\n<p style=\"text-align: justify;\">El partido tuvo un final incre\u00edble. Los hinchas de Talleres, terminaron rompiendo el alambrado perimetral e \u00a0ingresaron a la cancha a sacarle directamente la vestimenta de los jugadores de su equipo. Algunos de los integrantes termin\u00f3 pr\u00e1cticamente desnundo. Una verg\u00fcenza. La polic\u00eda termin\u00f3 reprimiendo la actitud que se calm\u00f3 a los pocos minutos.<\/p>\n<p style=\"text-align: justify;\">Talleres volvi\u00f3 a conseguir una victoria de visitante luego de 19 fechas y se meti\u00f3 nuevamente en la lucha por el tan ansiado ascenso llegando a siete puntos con un encuentro pendiente ante Alvarado de Mar del Plata. Mucho se deber\u00e1 trabajar como as\u00ed tambi\u00e9n dif\u00edcil ser\u00e1 el camino a transitar de la \u201cT\u201d, pero siempre con la mira puesta en un solo objetivo, el ascenso.<\/p>\n<p><object id=\"simplePlayerplayerHolder468271_i0bovnno\" style=\"width: 642px; height: 366px;\" width=\"642\" height=\"466\" classid=\"clsid:d27cdb6e-ae6d-11cf-96b8-444553540000\" codebase=\"http:\/\/download.macromedia.com\/pub\/shockwave\/cabs\/flash\/swflash.cab#version=6,0,40,0\" bgcolor=\"#000000\"><param name=\"allowfullscreen\" value=\"true\" \/><param name=\"allowscriptaccess\" value=\"always\" \/><param name=\"flashvars\" value=\"\" \/><param name=\"menu\" value=\"false\" \/><param name=\"wmode\" value=\"opaque\" \/><param name=\"pluginspage\" value=\"http:\/\/www.macromedia.com\/go\/getflashplayer\" \/><param name=\"src\" value=\"http:\/\/takeout.dmmotion.com\/Delivery\/asset\/638\/468271\/uniqueref=simplePlayerplayerHolder468271_i0bovnno\/showTitle=1\/showDescription=1\/idSkin=334\/showSkin=1\/autoInit=0\/skinAutoHide=1\/cache=false\/fullscreenMode=normal\/branch=tv_core_osfm.swf\" \/><embed id=\"simplePlayerplayerHolder468271_i0bovnno\" style=\"width: 642px; height: 366px;\" width=\"642\" height=\"466\" type=\"application\/x-shockwave-flash\" src=\"http:\/\/takeout.dmmotion.com\/Delivery\/asset\/638\/468271\/uniqueref=simplePlayerplayerHolder468271_i0bovnno\/showTitle=1\/showDescription=1\/idSkin=334\/showSkin=1\/autoInit=0\/skinAutoHide=1\/cache=false\/fullscreenMode=normal\/branch=tv_core_osfm.swf\" allowfullscreen=\"true\" allowscriptaccess=\"always\" flashvars=\"\" menu=\"false\" wmode=\"opaque\" pluginspage=\"http:\/\/www.macromedia.com\/go\/getflashplayer\" bgcolor=\"#000000\" \/><\/object><\/p>\n<p><strong>SINTESIS<\/strong><\/p>\n<p><strong>FERRO DE PICO 0 \u2013 TALLERES DE CORDOBA 1<\/strong><\/p>\n<p><strong>FERRO DE PICO<\/strong>: Alcain; Quir\u00f3z, Lencina, Paulucci y Resch; M\u00e9ndez, Cocchi, Baz\u00e1n y Bogliotti; Sep\u00falveda y Blanco. D.T: M.Giganti.<\/p>\n<p><strong>TALLERES DE CORDOBA<\/strong>: Costa; Ch\u00e1ves, Bovaglio, Bazzi y Formica; Beraldi, Schevone, D\u00edaz y Alvarez; Mart\u00ednez y Marti\u00f1one. D.T: S. Coleoni.<\/p>\n<p><strong>GOLES:<\/strong>\u00a0S.T: 33m. Marcos Godoy (TC).<br \/>\n<strong>CAMBIOS<\/strong>: En Ferro Gonz\u00e1lez por Bogliotti, Ortellado por Cocchi y Dos Santos por Sep\u00falveda. En Talleres Carabajal por Marti\u00f1one, Herrera por D\u00edaz y Godoy por Alvarez.<br \/>\n<strong>INCIDENCIAS<\/strong>: Fue expulsado el t\u00e9cnico Mauricio Giganti<br \/>\n<strong>ARBITRO<\/strong>: Fernando Espinosa<br \/>\n<strong>CANCHA:<\/strong>\u00a0\u201cColoso de Barrio Talleres\u201d<\/p>\n<p><iframe loading=\"lazy\" name=\"I1\" src=\"http:\/\/tools.marcadores.com\/tools.php?param=live\/event\/1807821\" height=\"150\" width=\"377\" frameborder=\"0\" scrolling=\"no\"><\/iframe><\/p>\n","protected":false},"excerpt":{"rendered":"<p>Con un gol a los 33 minutos del complemento por parte de, Marcos Godoy, Talleres de C\u00f3rdoba se llev\u00f3 tres puntos valiosos en un partido que correspondi\u00f3 a la quinta fecha del Torneo Federal \u201cA\u201d. &nbsp; El \u00a0partido tuvo un tr\u00e1mite parejo y con escasos pinceladas de buen f\u00fatbol debido al mal estado del campo [&hellip;]<\/p>\n","protected":false},"author":20,"featured_media":20613,"comment_status":"open","ping_status":"open","sticky":false,"template":"","format":"standard","meta":{"_seopress_robots_primary_cat":"","_seopress_titles_title":"","_seopress_titles_desc":"","_seopress_robots_index":"","footnotes":""},"categories":[2],"tags":[3658,3631,2115,730,4050],"class_list":["post-20550","post","type-post","status-publish","format-standard","has-post-thumbnail","hentry","category-futbol","tag-federal-a","tag-ferro-de-general-pico","tag-previa","tag-talleres-de-cordoba","tag-talleres-de-cordoba-vs-ferro-de-general-pico"],"_links":{"self":[{"href":"https:\/\/www.cordobatimes.com\/deportes\/wp-json\/wp\/v2\/posts\/20550","targetHints":{"allow":["GET"]}}],"collection":[{"href":"https:\/\/www.cordobatimes.com\/deportes\/wp-json\/wp\/v2\/posts"}],"about":[{"href":"https:\/\/www.cordobatimes.com\/deportes\/wp-json\/wp\/v2\/types\/post"}],"author":[{"embeddable":true,"href":"https:\/\/www.cordobatimes.com\/deportes\/wp-json\/wp\/v2\/users\/20"}],"replies":[{"embeddable":true,"href":"https:\/\/www.cordobatimes.com\/deportes\/wp-json\/wp\/v2\/comments?post=20550"}],"version-history":[{"count":0,"href":"https:\/\/www.cordobatimes.com\/deportes\/wp-json\/wp\/v2\/posts\/20550\/revisions"}],"wp:featuredmedia":[{"embeddable":true,"href":"https:\/\/www.cordobatimes.com\/deportes\/wp-json\/wp\/v2\/media\/20613"}],"wp:attachment":[{"href":"https:\/\/www.cordobatimes.com\/deportes\/wp-json\/wp\/v2\/media?parent=20550"}],"wp:term":[{"taxonomy":"category","embeddable":true,"href":"https:\/\/www.cordobatimes.com\/deportes\/wp-json\/wp\/v2\/categories?post=20550"},{"taxonomy":"post_tag","embeddable":true,"href":"https:\/\/www.cordobatimes.com\/deportes\/wp-json\/wp\/v2\/tags?post=20550"}],"curies":[{"name":"wp","href":"https:\/\/api.w.org\/{rel}","templated":true}]}}