{"id":20520,"date":"2014-09-18T23:55:57","date_gmt":"2014-09-19T02:55:57","guid":{"rendered":"http:\/\/www.cordobatimes.com\/deportes\/?p=20520"},"modified":"2014-09-19T03:31:49","modified_gmt":"2014-09-19T06:31:49","slug":"boca-goleo-a-rosario-central-paso-a-octavos-de-final-y-armo-una-fiesta-en-la-bombonera","status":"publish","type":"post","link":"https:\/\/www.cordobatimes.com\/deportes\/futbol\/2014\/09\/18\/boca-goleo-a-rosario-central-paso-a-octavos-de-final-y-armo-una-fiesta-en-la-bombonera\/","title":{"rendered":"Boca gole\u00f3 a Rosario Central, pas\u00f3 a octavos de final y arm\u00f3 una fiesta en la Bombonera"},"content":{"rendered":"<h3><a href=\"http:\/\/www.cordobatimes.com\/deportes\/wp-content\/uploads\/2014\/09\/10517557_359712444193698_4758899360629962547_n.jpg\"><img loading=\"lazy\" decoding=\"async\" class=\"aligncenter size-full wp-image-20521\" alt=\"10517557_359712444193698_4758899360629962547_n\" src=\"http:\/\/www.cordobatimes.com\/deportes\/wp-content\/uploads\/2014\/09\/10517557_359712444193698_4758899360629962547_n.jpg\" width=\"916\" height=\"622\" data-id=\"20521\" srcset=\"https:\/\/www.cordobatimes.com\/deportes\/wp-content\/uploads\/2014\/09\/10517557_359712444193698_4758899360629962547_n.jpg 916w, https:\/\/www.cordobatimes.com\/deportes\/wp-content\/uploads\/2014\/09\/10517557_359712444193698_4758899360629962547_n-300x203.jpg 300w\" sizes=\"auto, (max-width: 916px) 100vw, 916px\" \/><\/a><\/h3>\n<h3><strong>El xeneize super\u00f3 3 a 0 al Canalla y avanz\u00f3 a los octavos de final de la Copa Sudamericana; dos golazos de Ch\u00e1vez sentenciaron la serie; el chileno Fuenzaliza sell\u00f3 el resultado.<\/strong><\/h3>\n<p>&nbsp;<\/p>\n<section id=\"cuerpo\" itemprop=\"articleBody\">\n<p style=\"text-align: justify;\">Boca\u00a0se regal\u00f3 otra gran actuaci\u00f3n que le permiti\u00f3 golear a\u00a0Rosario Central\u00a0por 3 a 0, y avanzar a los octavos de final de la\u00a0Copa Sudamericana.<\/p>\n<p style=\"text-align: justify;\">Los goles fueron convertidos por\u00a0Andr\u00e9s Ch\u00e1vez\u00a0(uno m\u00e1s lindo que el otro), y por el chileno Jos\u00e9 Fuenzalida.<\/p>\n<p style=\"text-align: justify;\">El global de la serie con el Canalla termin\u00f3 4 a 1 para el xeneize, lo que exhibe una clara diferencia entre un equipo y otro.<\/p>\n<p style=\"text-align: justify;\">El conjunto dirigido por Arruabarrena fue muy superior a su rival, exhibiendo otra gran tarea colectiva, con figuras destacadas como\u00a0Fernando Gago, Marcelo Meli y\u00a0Jonathan Calleri, m\u00e1s la potencia goleadora y decisiva de Ch\u00e1vez.<\/p>\n<p style=\"text-align: justify;\">Ya en octavos de final, Boca se enfrentar\u00e1 con el que resulte clasificado en la serie entre Caracas y Deportivo Capiat\u00e1, que terminaron 1-1 en Paraguay y definir\u00e1n el mi\u00e9rcoles pr\u00f3ximo en Venezuela. El partido de ida se jugar\u00e1 en la Bombonera, en la semana del 15 de octubre.<\/p>\n<h2>El primer golazo de Ch\u00e1vez<\/h2>\n<p><object width=\"100%\" height=\"461\" classid=\"clsid:d27cdb6e-ae6d-11cf-96b8-444553540000\" codebase=\"http:\/\/download.macromedia.com\/pub\/shockwave\/cabs\/flash\/swflash.cab#version=6,0,40,0\"><param name=\"src\" value=\"http:\/\/www.clarin.com\/static\/CLAClarin\/swf\/jwplayer\/player.swf\" \/><param name=\"allowscriptaccess\" value=\"always\" \/><param name=\"allowfullscreen\" value=\"true\" \/><param name=\"flashvars\" value=\"&amp;controlbar=over&amp;file=http:\/\/contenidos2.clarin.com\/sincro\/diario\/flv\/2014\/09\/18\/VID\/CLAVID20140918_0031\/video_web.flv%3Fn%3D0&amp;image=\/deportes\/Boca-Central_CLAVID20140918_0031_35.jpg&amp;ova.ads=%5Bobject%20Object%5D&amp;ova.autoPlay=false&amp;ova.autoplay=false&amp;ova.clearPlaylist=false&amp;ova.debug=%5Bobject%20Object%5D&amp;ova.delayAdRequestUntilPlay=true&amp;ova.delayadrequestuntilplay=true&amp;ova.height=261&amp;ova.ignoreDefaultSplashImage=false&amp;ova.pluginmode=FLASH&amp;ova.shows=%5Bobject%20Object%5D&amp;ova.visible=true&amp;ova.width=424&amp;ova.x=0&amp;ova.y=0&amp;plugins=viral-h%2Chttp:\/\/www.clarin.com%2Fstatic%2FCLAClarin%2Fswf%2Fjwplayer%2Fova-jw.swf&amp;viral.allowmenu=false&amp;viral.oncomplete=false&amp;viral.onpause=true&amp;viral.pluginmode=FLASH\" \/><embed width=\"100%\" height=\"461\" type=\"application\/x-shockwave-flash\" src=\"http:\/\/www.clarin.com\/static\/CLAClarin\/swf\/jwplayer\/player.swf\" allowscriptaccess=\"always\" allowfullscreen=\"true\" flashvars=\"&amp;controlbar=over&amp;file=http:\/\/contenidos2.clarin.com\/sincro\/diario\/flv\/2014\/09\/18\/VID\/CLAVID20140918_0031\/video_web.flv%3Fn%3D0&amp;image=\/deportes\/Boca-Central_CLAVID20140918_0031_35.jpg&amp;ova.ads=%5Bobject%20Object%5D&amp;ova.autoPlay=false&amp;ova.autoplay=false&amp;ova.clearPlaylist=false&amp;ova.debug=%5Bobject%20Object%5D&amp;ova.delayAdRequestUntilPlay=true&amp;ova.delayadrequestuntilplay=true&amp;ova.height=261&amp;ova.ignoreDefaultSplashImage=false&amp;ova.pluginmode=FLASH&amp;ova.shows=%5Bobject%20Object%5D&amp;ova.visible=true&amp;ova.width=424&amp;ova.x=0&amp;ova.y=0&amp;plugins=viral-h%2Chttp:\/\/www.clarin.com%2Fstatic%2FCLAClarin%2Fswf%2Fjwplayer%2Fova-jw.swf&amp;viral.allowmenu=false&amp;viral.oncomplete=false&amp;viral.onpause=true&amp;viral.pluginmode=FLASH\" \/><\/object><\/p>\n<h2>El segundo golazo de Ch\u00e1vez<\/h2>\n<p><object width=\"100%\" height=\"461\" classid=\"clsid:d27cdb6e-ae6d-11cf-96b8-444553540000\" codebase=\"http:\/\/download.macromedia.com\/pub\/shockwave\/cabs\/flash\/swflash.cab#version=6,0,40,0\"><param name=\"src\" value=\"http:\/\/www.clarin.com\/static\/CLAClarin\/swf\/jwplayer\/player.swf\" \/><param name=\"allowscriptaccess\" value=\"always\" \/><param name=\"allowfullscreen\" value=\"true\" \/><param name=\"flashvars\" value=\"&amp;controlbar=over&amp;file=http:\/\/contenidos2.clarin.com\/sincro\/diario\/flv\/2014\/09\/18\/VID\/CLAVID20140918_0035\/video_web.flv%3Fn%3D0&amp;image=\/deportes\/Boca-Central_CLAVID20140918_0035_35.jpg&amp;ova.ads=%5Bobject%20Object%5D&amp;ova.autoPlay=false&amp;ova.autoplay=false&amp;ova.clearPlaylist=false&amp;ova.debug=%5Bobject%20Object%5D&amp;ova.delayAdRequestUntilPlay=true&amp;ova.delayadrequestuntilplay=true&amp;ova.height=261&amp;ova.ignoreDefaultSplashImage=false&amp;ova.pluginmode=FLASH&amp;ova.shows=%5Bobject%20Object%5D&amp;ova.visible=true&amp;ova.width=424&amp;ova.x=0&amp;ova.y=0&amp;plugins=viral-h%2Chttp:\/\/www.clarin.com%2Fstatic%2FCLAClarin%2Fswf%2Fjwplayer%2Fova-jw.swf&amp;viral.allowmenu=false&amp;viral.oncomplete=false&amp;viral.onpause=true&amp;viral.pluginmode=FLASH\" \/><embed width=\"100%\" height=\"461\" type=\"application\/x-shockwave-flash\" src=\"http:\/\/www.clarin.com\/static\/CLAClarin\/swf\/jwplayer\/player.swf\" allowscriptaccess=\"always\" allowfullscreen=\"true\" flashvars=\"&amp;controlbar=over&amp;file=http:\/\/contenidos2.clarin.com\/sincro\/diario\/flv\/2014\/09\/18\/VID\/CLAVID20140918_0035\/video_web.flv%3Fn%3D0&amp;image=\/deportes\/Boca-Central_CLAVID20140918_0035_35.jpg&amp;ova.ads=%5Bobject%20Object%5D&amp;ova.autoPlay=false&amp;ova.autoplay=false&amp;ova.clearPlaylist=false&amp;ova.debug=%5Bobject%20Object%5D&amp;ova.delayAdRequestUntilPlay=true&amp;ova.delayadrequestuntilplay=true&amp;ova.height=261&amp;ova.ignoreDefaultSplashImage=false&amp;ova.pluginmode=FLASH&amp;ova.shows=%5Bobject%20Object%5D&amp;ova.visible=true&amp;ova.width=424&amp;ova.x=0&amp;ova.y=0&amp;plugins=viral-h%2Chttp:\/\/www.clarin.com%2Fstatic%2FCLAClarin%2Fswf%2Fjwplayer%2Fova-jw.swf&amp;viral.allowmenu=false&amp;viral.oncomplete=false&amp;viral.onpause=true&amp;viral.pluginmode=FLASH\" \/><\/object><\/p>\n<h2>El gol de Fuenzalida<\/h2>\n<p><object width=\"100%\" height=\"461\" classid=\"clsid:d27cdb6e-ae6d-11cf-96b8-444553540000\" codebase=\"http:\/\/download.macromedia.com\/pub\/shockwave\/cabs\/flash\/swflash.cab#version=6,0,40,0\"><param name=\"src\" value=\"http:\/\/www.clarin.com\/static\/CLAClarin\/swf\/jwplayer\/player.swf\" \/><param name=\"allowscriptaccess\" value=\"always\" \/><param name=\"allowfullscreen\" value=\"true\" \/><param name=\"flashvars\" value=\"&amp;controlbar=over&amp;file=http:\/\/contenidos2.clarin.com\/sincro\/diario\/flv\/2014\/09\/18\/VID\/CLAVID20140918_0036\/video_web.flv%3Fn%3D0&amp;image=\/deportes\/Boca-Central_CLAVID20140918_0036_35.jpg&amp;ova.ads=%5Bobject%20Object%5D&amp;ova.autoPlay=false&amp;ova.autoplay=false&amp;ova.clearPlaylist=false&amp;ova.debug=%5Bobject%20Object%5D&amp;ova.delayAdRequestUntilPlay=true&amp;ova.delayadrequestuntilplay=true&amp;ova.height=261&amp;ova.ignoreDefaultSplashImage=false&amp;ova.pluginmode=FLASH&amp;ova.shows=%5Bobject%20Object%5D&amp;ova.visible=true&amp;ova.width=424&amp;ova.x=0&amp;ova.y=0&amp;plugins=viral-h%2Chttp:\/\/www.clarin.com%2Fstatic%2FCLAClarin%2Fswf%2Fjwplayer%2Fova-jw.swf&amp;viral.allowmenu=false&amp;viral.oncomplete=false&amp;viral.onpause=true&amp;viral.pluginmode=FLASH\" \/><embed width=\"100%\" height=\"461\" type=\"application\/x-shockwave-flash\" src=\"http:\/\/www.clarin.com\/static\/CLAClarin\/swf\/jwplayer\/player.swf\" allowscriptaccess=\"always\" allowfullscreen=\"true\" flashvars=\"&amp;controlbar=over&amp;file=http:\/\/contenidos2.clarin.com\/sincro\/diario\/flv\/2014\/09\/18\/VID\/CLAVID20140918_0036\/video_web.flv%3Fn%3D0&amp;image=\/deportes\/Boca-Central_CLAVID20140918_0036_35.jpg&amp;ova.ads=%5Bobject%20Object%5D&amp;ova.autoPlay=false&amp;ova.autoplay=false&amp;ova.clearPlaylist=false&amp;ova.debug=%5Bobject%20Object%5D&amp;ova.delayAdRequestUntilPlay=true&amp;ova.delayadrequestuntilplay=true&amp;ova.height=261&amp;ova.ignoreDefaultSplashImage=false&amp;ova.pluginmode=FLASH&amp;ova.shows=%5Bobject%20Object%5D&amp;ova.visible=true&amp;ova.width=424&amp;ova.x=0&amp;ova.y=0&amp;plugins=viral-h%2Chttp:\/\/www.clarin.com%2Fstatic%2FCLAClarin%2Fswf%2Fjwplayer%2Fova-jw.swf&amp;viral.allowmenu=false&amp;viral.oncomplete=false&amp;viral.onpause=true&amp;viral.pluginmode=FLASH\" \/><\/object><\/p>\n<p><iframe loading=\"lazy\" src=\"http:\/\/cdntx.lanacion.com.ar\/deportes\/html\/v3\/module.html?channel=deportes.futbol.sudamericana.200445&amp;lang=es_LA&amp;module=lineUpFull\" height=\"1000\" width=\"620\" frameborder=\"\" scrolling=\"auto\"><\/iframe><\/p>\n<\/section>\n<p>&nbsp;<\/p>\n","protected":false},"excerpt":{"rendered":"<p>El xeneize super\u00f3 3 a 0 al Canalla y avanz\u00f3 a los octavos de final de la Copa Sudamericana; dos golazos de Ch\u00e1vez sentenciaron la serie; el chileno Fuenzaliza sell\u00f3 el resultado. &nbsp; Boca\u00a0se regal\u00f3 otra gran actuaci\u00f3n que le permiti\u00f3 golear a\u00a0Rosario Central\u00a0por 3 a 0, y avanzar a los octavos de final de [&hellip;]<\/p>\n","protected":false},"author":1,"featured_media":20521,"comment_status":"open","ping_status":"open","sticky":false,"template":"","format":"standard","meta":{"_seopress_robots_primary_cat":"","_seopress_titles_title":"","_seopress_titles_desc":"","_seopress_robots_index":"","footnotes":""},"categories":[23,2],"tags":[5570,2001,76,4047],"class_list":["post-20520","post","type-post","status-publish","format-standard","has-post-thumbnail","hentry","category-copa-sudamericana","category-futbol","tag-copa-sudamericana","tag-estadisticas","tag-goles","tag-octavos"],"_links":{"self":[{"href":"https:\/\/www.cordobatimes.com\/deportes\/wp-json\/wp\/v2\/posts\/20520","targetHints":{"allow":["GET"]}}],"collection":[{"href":"https:\/\/www.cordobatimes.com\/deportes\/wp-json\/wp\/v2\/posts"}],"about":[{"href":"https:\/\/www.cordobatimes.com\/deportes\/wp-json\/wp\/v2\/types\/post"}],"author":[{"embeddable":true,"href":"https:\/\/www.cordobatimes.com\/deportes\/wp-json\/wp\/v2\/users\/1"}],"replies":[{"embeddable":true,"href":"https:\/\/www.cordobatimes.com\/deportes\/wp-json\/wp\/v2\/comments?post=20520"}],"version-history":[{"count":0,"href":"https:\/\/www.cordobatimes.com\/deportes\/wp-json\/wp\/v2\/posts\/20520\/revisions"}],"wp:featuredmedia":[{"embeddable":true,"href":"https:\/\/www.cordobatimes.com\/deportes\/wp-json\/wp\/v2\/media\/20521"}],"wp:attachment":[{"href":"https:\/\/www.cordobatimes.com\/deportes\/wp-json\/wp\/v2\/media?parent=20520"}],"wp:term":[{"taxonomy":"category","embeddable":true,"href":"https:\/\/www.cordobatimes.com\/deportes\/wp-json\/wp\/v2\/categories?post=20520"},{"taxonomy":"post_tag","embeddable":true,"href":"https:\/\/www.cordobatimes.com\/deportes\/wp-json\/wp\/v2\/tags?post=20520"}],"curies":[{"name":"wp","href":"https:\/\/api.w.org\/{rel}","templated":true}]}}