{"id":20453,"date":"2014-09-18T11:12:08","date_gmt":"2014-09-18T14:12:08","guid":{"rendered":"http:\/\/www.cordobatimes.com\/deportes\/?p=20453"},"modified":"2014-09-18T12:13:37","modified_gmt":"2014-09-18T15:13:37","slug":"luciana-aymar-estara-en-el-champions-trophy","status":"publish","type":"post","link":"https:\/\/www.cordobatimes.com\/deportes\/hockey\/2014\/09\/18\/luciana-aymar-estara-en-el-champions-trophy\/","title":{"rendered":"Luciana Aymar estar\u00e1 en el Champions Trophy"},"content":{"rendered":"<h3><strong><a href=\"http:\/\/www.cordobatimes.com\/deportes\/wp-content\/uploads\/2014\/09\/Aymar.jpg\"><img loading=\"lazy\" decoding=\"async\" class=\"size-full wp-image-20454 aligncenter\" alt=\"Aymar\" src=\"http:\/\/www.cordobatimes.com\/deportes\/wp-content\/uploads\/2014\/09\/Aymar.jpg\" width=\"624\" height=\"468\" data-id=\"20454\" srcset=\"https:\/\/www.cordobatimes.com\/deportes\/wp-content\/uploads\/2014\/09\/Aymar.jpg 624w, https:\/\/www.cordobatimes.com\/deportes\/wp-content\/uploads\/2014\/09\/Aymar-300x225.jpg 300w\" sizes=\"auto, (max-width: 624px) 100vw, 624px\" \/><\/a><\/strong><\/h3>\n<h3 style=\"text-align: justify;\"><strong>La capitana de la selecci\u00f3n Argentina de hockey sobre c\u00e9sped confirm\u00f3 que participar\u00e1 del torneo a disputarse en Mendoza, a fin de a\u00f1o. Ser\u00e1 su despedida de Las Leonas.<\/strong><\/h3>\n<p style=\"text-align: justify;\">\n<p style=\"text-align: justify;\">&#8220;Lucha&#8221; viene de jugar su cuarto Mundial de la especialidad en La Haya, Holanda, donde el combinado albiceleste, dirigido en ese momento por Carlos Chapa Retegui, consigui\u00f3 la medalla de bronce.<\/p>\n<p style=\"text-align: justify;\">La informaci\u00f3n fue brindada por Gabriel Minadeo, flamante Manager Deportivo del conjunto femenino, que ya tuvo a Luciana como jugadora entre 2005 y 2009, \u00e9poca en la que ocup\u00f3 el rol de DT.<\/p>\n<p style=\"text-align: justify;\">El Champions Trophy se llevar\u00e1 a cabo en tierras cuyanas del 29 de noviembre al 7 de diciembre.<\/p>\n","protected":false},"excerpt":{"rendered":"<p>La capitana de la selecci\u00f3n Argentina de hockey sobre c\u00e9sped confirm\u00f3 que participar\u00e1 del torneo a disputarse en Mendoza, a fin de a\u00f1o. Ser\u00e1 su despedida de Las Leonas. &#8220;Lucha&#8221; viene de jugar su cuarto Mundial de la especialidad en La Haya, Holanda, donde el combinado albiceleste, dirigido en ese momento por Carlos Chapa Retegui, [&hellip;]<\/p>\n","protected":false},"author":2,"featured_media":20454,"comment_status":"open","ping_status":"open","sticky":false,"template":"","format":"standard","meta":{"_seopress_robots_primary_cat":"","_seopress_titles_title":"","_seopress_titles_desc":"","_seopress_robots_index":"","footnotes":""},"categories":[5,6],"tags":[5560,4053,1001],"class_list":["post-20453","post","type-post","status-publish","format-standard","has-post-thumbnail","hentry","category-hockey","category-polideportivo","tag-hockey","tag-las-leones","tag-luciana-aymar"],"_links":{"self":[{"href":"https:\/\/www.cordobatimes.com\/deportes\/wp-json\/wp\/v2\/posts\/20453","targetHints":{"allow":["GET"]}}],"collection":[{"href":"https:\/\/www.cordobatimes.com\/deportes\/wp-json\/wp\/v2\/posts"}],"about":[{"href":"https:\/\/www.cordobatimes.com\/deportes\/wp-json\/wp\/v2\/types\/post"}],"author":[{"embeddable":true,"href":"https:\/\/www.cordobatimes.com\/deportes\/wp-json\/wp\/v2\/users\/2"}],"replies":[{"embeddable":true,"href":"https:\/\/www.cordobatimes.com\/deportes\/wp-json\/wp\/v2\/comments?post=20453"}],"version-history":[{"count":0,"href":"https:\/\/www.cordobatimes.com\/deportes\/wp-json\/wp\/v2\/posts\/20453\/revisions"}],"wp:featuredmedia":[{"embeddable":true,"href":"https:\/\/www.cordobatimes.com\/deportes\/wp-json\/wp\/v2\/media\/20454"}],"wp:attachment":[{"href":"https:\/\/www.cordobatimes.com\/deportes\/wp-json\/wp\/v2\/media?parent=20453"}],"wp:term":[{"taxonomy":"category","embeddable":true,"href":"https:\/\/www.cordobatimes.com\/deportes\/wp-json\/wp\/v2\/categories?post=20453"},{"taxonomy":"post_tag","embeddable":true,"href":"https:\/\/www.cordobatimes.com\/deportes\/wp-json\/wp\/v2\/tags?post=20453"}],"curies":[{"name":"wp","href":"https:\/\/api.w.org\/{rel}","templated":true}]}}