{"id":20442,"date":"2014-09-18T02:45:10","date_gmt":"2014-09-18T05:45:10","guid":{"rendered":"http:\/\/www.cordobatimes.com\/deportes\/?p=20442"},"modified":"2014-09-18T03:02:25","modified_gmt":"2014-09-18T06:02:25","slug":"luego-de-30-anos-se-vuelven-a-enfrentar-talleres-y-ferro-carril-oeste-de-gral-pico","status":"publish","type":"post","link":"https:\/\/www.cordobatimes.com\/deportes\/futbol\/2014\/09\/18\/luego-de-30-anos-se-vuelven-a-enfrentar-talleres-y-ferro-carril-oeste-de-gral-pico\/","title":{"rendered":"Luego de 30 a\u00f1os se vuelven a enfrentar Talleres  y Ferro Carril Oeste de Gral.Pico"},"content":{"rendered":"<h3 style=\"text-align: justify;\"><a href=\"http:\/\/www.cordobatimes.com\/deportes\/wp-content\/uploads\/2014\/09\/Talleres-de-Cordoba-vs-ferro-de-general-pico.png\"><img loading=\"lazy\" decoding=\"async\" class=\"aligncenter size-full wp-image-20443\" alt=\"Talleres de Cordoba vs ferro de general pico\" src=\"http:\/\/www.cordobatimes.com\/deportes\/wp-content\/uploads\/2014\/09\/Talleres-de-Cordoba-vs-ferro-de-general-pico.png\" width=\"797\" height=\"256\" data-id=\"20443\" srcset=\"https:\/\/www.cordobatimes.com\/deportes\/wp-content\/uploads\/2014\/09\/Talleres-de-Cordoba-vs-ferro-de-general-pico.png 797w, https:\/\/www.cordobatimes.com\/deportes\/wp-content\/uploads\/2014\/09\/Talleres-de-Cordoba-vs-ferro-de-general-pico-300x96.png 300w\" sizes=\"auto, (max-width: 797px) 100vw, 797px\" \/><\/a><\/h3>\n<h3 style=\"text-align: justify;\"><strong>Talleres este s\u00e1bado visita a Ferro en General Pico, La Pampa, por el Federal A, aunque ese duelo ya cuenta con un historial: en el torneo Nacional del \u201984 compartieron zona y en los dos encuentros la victoria fue Albiazul.<\/strong><\/h3>\n<p>&nbsp;<\/p>\n<p style=\"text-align: justify;\">M\u00e1s de tres d\u00e9cadas han pasado desde aquel 19 de febrero de 1984, cuando el equipo entonces dirigido por el legendario\u00a0Humberto Dionisio Maschio\u00a0visit\u00f3 a Ferro Carril Oeste por la primera fecha del viejo\u00a0Torneo Nacional\u00a0al que el equipo p\u00edquense hab\u00eda accedido de la mano de\u00a0Jos\u00e9 Aragon\u00e9s\u00a0luego de ganar de manera invicta los dos campeonatos de la temporada liguista y la Zona Patag\u00f3nica del torneo Regional.\u00a0<em><\/em><\/p>\n<p style=\"text-align: justify;\">A pesar de terminar con la imbatibilidad del equipo verde, la victoria del equipo cordob\u00e9s solo fue una an\u00e9cdota, ya que para las casi quince mil almas que asistieron esa calurosa tarde al estadio de barrio Talleres, lo trascendente result\u00f3 el debut de un equipo de la Liga Pampeana en el f\u00fatbol m\u00e1s grande del pa\u00eds.\u00a0<em><\/em><\/p>\n<p style=\"text-align: justify;\">Un potente y espigado\u00a0Mario Bevilaqua en dos ocasiones y el talentoso Angel Guillermo Hoyos\u00a0fueron los verdugos de\u00a0Oscar Alfredo \u201cCacho\u201d L\u00f3pez\u00a0aquella tarde, mientras\u00a0Rito Fern\u00e1ndez y Jorge Daniel Ribolzi\u00a0fueron los encargados de someter a\u00a0H\u00e9ctor Rodolfo \u201cChocolate\u201d Baley. Aquella calurosa tarde arbitr\u00f3\u00a0Alberto Clerc\u00a0y el equipo local aline\u00f3 a\u00a0Oscar L\u00f3pez; Carlos Wagner, Horacio Luna, Pablo Scamporrino y Jos\u00e9 Lencina; Ra\u00fal Vicente, Carlos Necochea (Alberto Paiva), Jorge Rodr\u00edguez y Jorge Ribolzi; Rito Fern\u00e1ndez (Roque D\u2019alessandro) y V\u00edctor Nicollier. Por su parte el albiazul present\u00f3 a\u00a0H\u00e9ctor Baley; Daniel Riquelme, Omar Beccerica, Miguel Oviedo y C\u00e1mara; Gabriel Seghetti, Daniel Bustos y Angel Guillermo Hoyos (Ariel Moreno); Oscar Tedini, Mario Bevilacqua (Mario Mi\u00f1o) y Gustavo Coleoni. Precisamente ser\u00e1 \u00e9ste el \u00fanico que volver\u00e1 a pisar \u201cla gramilla verdolaga\u201d pues no lo har\u00e1 con la \u201c11\u201d sino que ahora ingresar\u00e1 con el buzo de T\u00e9cnico.<\/p>\n<h3><span style=\"text-decoration: underline;\"><strong>TORNEO NACIONAL &#8220;A&#8221; 1984<\/strong><\/span><\/h3>\n<h3><strong>Participantes Zona &#8220;A&#8221;<\/strong><\/h3>\n<p>Boca Juniors (La Boca \u2013 Buenos Aires)<\/p>\n<p>Ferro Carril Oeste (General Pico \u2013 La Pampa)<\/p>\n<p>Newell\u2019s Old Boys (Rosario \u2013 Santa Fe)<\/p>\n<p>Talleres (C\u00f3rdoba \u2013 C\u00f3rdoba)<\/p>\n<h3><strong>Posiciones Finales Zona \u201cA\u201d:<\/strong><\/h3>\n<p>Newell\u2019s Old Boys; 8 puntos<br \/>\nTalleres de C\u00f3rdoba; 7 puntos<br \/>\nBoca Juniors; 7 puntos<br \/>\nFerro Carril Oeste de General Pico: \u00a02 puntos<\/p>\n<p>&nbsp;<\/p>\n<p style=\"text-align: justify;\">Sin dudas que en el f\u00fatbol -como en la vida- treinta a\u00f1os es mucho tiempo, los caminos recorridos por \u201cverdes y tallarines\u201d han sido muy distintos, uno con protagonismo nacional e internacional, el otro con etapas de mayor o menor trascendencia pero con escaso vuelo, sin embargo los distintos avatares vuelven a cruzar sus caminos y seguramente el s\u00e1bado habr\u00e1 muchos memoriosos a los que se les caer\u00e1 un lagrim\u00f3n con solo recordar aquellos buenos viejos tiempos.<\/p>\n","protected":false},"excerpt":{"rendered":"<p>Talleres este s\u00e1bado visita a Ferro en General Pico, La Pampa, por el Federal A, aunque ese duelo ya cuenta con un historial: en el torneo Nacional del \u201984 compartieron zona y en los dos encuentros la victoria fue Albiazul. &nbsp; M\u00e1s de tres d\u00e9cadas han pasado desde aquel 19 de febrero de 1984, cuando [&hellip;]<\/p>\n","protected":false},"author":1,"featured_media":20443,"comment_status":"open","ping_status":"open","sticky":false,"template":"","format":"standard","meta":{"_seopress_robots_primary_cat":"","_seopress_titles_title":"","_seopress_titles_desc":"","_seopress_robots_index":"","footnotes":""},"categories":[2],"tags":[314,4050,4051],"class_list":["post-20442","post","type-post","status-publish","format-standard","has-post-thumbnail","hentry","category-futbol","tag-formaciones","tag-talleres-de-cordoba-vs-ferro-de-general-pico","tag-torneo-nacional-1984"],"_links":{"self":[{"href":"https:\/\/www.cordobatimes.com\/deportes\/wp-json\/wp\/v2\/posts\/20442","targetHints":{"allow":["GET"]}}],"collection":[{"href":"https:\/\/www.cordobatimes.com\/deportes\/wp-json\/wp\/v2\/posts"}],"about":[{"href":"https:\/\/www.cordobatimes.com\/deportes\/wp-json\/wp\/v2\/types\/post"}],"author":[{"embeddable":true,"href":"https:\/\/www.cordobatimes.com\/deportes\/wp-json\/wp\/v2\/users\/1"}],"replies":[{"embeddable":true,"href":"https:\/\/www.cordobatimes.com\/deportes\/wp-json\/wp\/v2\/comments?post=20442"}],"version-history":[{"count":0,"href":"https:\/\/www.cordobatimes.com\/deportes\/wp-json\/wp\/v2\/posts\/20442\/revisions"}],"wp:featuredmedia":[{"embeddable":true,"href":"https:\/\/www.cordobatimes.com\/deportes\/wp-json\/wp\/v2\/media\/20443"}],"wp:attachment":[{"href":"https:\/\/www.cordobatimes.com\/deportes\/wp-json\/wp\/v2\/media?parent=20442"}],"wp:term":[{"taxonomy":"category","embeddable":true,"href":"https:\/\/www.cordobatimes.com\/deportes\/wp-json\/wp\/v2\/categories?post=20442"},{"taxonomy":"post_tag","embeddable":true,"href":"https:\/\/www.cordobatimes.com\/deportes\/wp-json\/wp\/v2\/tags?post=20442"}],"curies":[{"name":"wp","href":"https:\/\/api.w.org\/{rel}","templated":true}]}}