{"id":20384,"date":"2014-09-17T16:41:04","date_gmt":"2014-09-17T19:41:04","guid":{"rendered":"http:\/\/www.cordobatimes.com\/deportes\/?p=20384"},"modified":"2014-09-17T16:54:31","modified_gmt":"2014-09-17T19:54:31","slug":"fiesta-pincha-aparecieron-los-afiches-gastando-a-gimnasia-lp","status":"publish","type":"post","link":"https:\/\/www.cordobatimes.com\/deportes\/futbol\/2014\/09\/17\/fiesta-pincha-aparecieron-los-afiches-gastando-a-gimnasia-lp\/","title":{"rendered":"Fiesta Pincha: aparecieron los afiches gastando a Gimnasia LP"},"content":{"rendered":"<h3><a href=\"http:\/\/www.cordobatimes.com\/deportes\/wp-content\/uploads\/2014\/09\/cargada_6.jpg_951387835.jpg\"><img loading=\"lazy\" decoding=\"async\" class=\"size-full wp-image-20395 aligncenter\" alt=\"cargada_6.jpg_951387835\" src=\"http:\/\/www.cordobatimes.com\/deportes\/wp-content\/uploads\/2014\/09\/cargada_6.jpg_951387835.jpg\" width=\"1000\" height=\"560\" data-id=\"20395\" srcset=\"https:\/\/www.cordobatimes.com\/deportes\/wp-content\/uploads\/2014\/09\/cargada_6.jpg_951387835.jpg 1000w, https:\/\/www.cordobatimes.com\/deportes\/wp-content\/uploads\/2014\/09\/cargada_6.jpg_951387835-300x168.jpg 300w\" sizes=\"auto, (max-width: 1000px) 100vw, 1000px\" \/><\/a><\/h3>\n<h3><\/h3>\n<h3 style=\"text-align: justify;\"><strong>Los hinchas de Estudiantes no dejaron pasar mucho tiempo y, ayer por la noche, subieron en las distintas redes sociales im\u00e1genes y afiches imperdibles contra sus eternos rivales, por la movida previa del brujo enano.<\/strong><\/h3>\n<p>&nbsp;<\/p>\n<p style=\"text-align: justify;\">Gimnasia le dej\u00f3 servido el gaste a Estudiantes. El \u201cchiste\u201dde la previa caus\u00f3 distintos tipos de reacciones. Algunos se lo tomaron bien, y otros no tanto. Troglio despu\u00e9s del partido, un tanto enojado, dijo que el\u00a0brujito es el electricista del club, que hab\u00eda sido una broma pero hay muchos que no lo entienden.<\/p>\n<p style=\"text-align: justify;\">\u00a0Lo concreto es que el exorcismo irreal no funcion\u00f3 y Gimnasia perdi\u00f3 el primer cl\u00e1sico por la Copa. El contraataque fue letal.<\/p>\n<p style=\"text-align: justify;\">En las horas posteriores al triunfo del Pincha comenzaron a circular los afiches y obviamente el centro de las cargadas fue el brujo enano. Todo gracias al gol del uruguayo Vera que le dio el pase a cuartos en la Sudamericana, eliminando a su cl\u00e1sico rival y desatando la fiesta en media ciudad.<\/p>\n<p style=\"text-align: justify;\">\n<p style=\"text-align: justify;\">\n<div id='gallery-1' class='gallery galleryid-20384 gallery-columns-3 gallery-size-thumbnail'><figure class='gallery-item'>\n\t\t\t<div class='gallery-icon landscape'>\n\t\t\t\t<a href='https:\/\/www.cordobatimes.com\/deportes\/wp-content\/uploads\/2014\/09\/0011556828.jpg'><img loading=\"lazy\" decoding=\"async\" width=\"300\" height=\"208\" src=\"https:\/\/www.cordobatimes.com\/deportes\/wp-content\/uploads\/2014\/09\/0011556828-300x208.jpg\" class=\"attachment-thumbnail size-thumbnail\" alt=\"\" \/><\/a>\n\t\t\t<\/div><\/figure><figure class='gallery-item'>\n\t\t\t<div class='gallery-icon landscape'>\n\t\t\t\t<a href='https:\/\/www.cordobatimes.com\/deportes\/wp-content\/uploads\/2014\/09\/0011556858.jpg'><img loading=\"lazy\" decoding=\"async\" width=\"300\" height=\"300\" src=\"https:\/\/www.cordobatimes.com\/deportes\/wp-content\/uploads\/2014\/09\/0011556858-300x300.jpg\" class=\"attachment-thumbnail size-thumbnail\" alt=\"\" srcset=\"https:\/\/www.cordobatimes.com\/deportes\/wp-content\/uploads\/2014\/09\/0011556858-300x300.jpg 300w, https:\/\/www.cordobatimes.com\/deportes\/wp-content\/uploads\/2014\/09\/0011556858-270x270.jpg 270w, https:\/\/www.cordobatimes.com\/deportes\/wp-content\/uploads\/2014\/09\/0011556858-207x207.jpg 207w, https:\/\/www.cordobatimes.com\/deportes\/wp-content\/uploads\/2014\/09\/0011556858-75x75.jpg 75w\" sizes=\"auto, (max-width: 300px) 100vw, 300px\" \/><\/a>\n\t\t\t<\/div><\/figure><figure class='gallery-item'>\n\t\t\t<div class='gallery-icon landscape'>\n\t\t\t\t<a href='https:\/\/www.cordobatimes.com\/deportes\/wp-content\/uploads\/2014\/09\/0011556898.jpg'><img loading=\"lazy\" decoding=\"async\" width=\"300\" height=\"208\" src=\"https:\/\/www.cordobatimes.com\/deportes\/wp-content\/uploads\/2014\/09\/0011556898-300x208.jpg\" class=\"attachment-thumbnail size-thumbnail\" alt=\"\" \/><\/a>\n\t\t\t<\/div><\/figure><figure class='gallery-item'>\n\t\t\t<div class='gallery-icon landscape'>\n\t\t\t\t<a href='https:\/\/www.cordobatimes.com\/deportes\/wp-content\/uploads\/2014\/09\/0011556893.jpg'><img loading=\"lazy\" decoding=\"async\" width=\"300\" height=\"300\" src=\"https:\/\/www.cordobatimes.com\/deportes\/wp-content\/uploads\/2014\/09\/0011556893-300x300.jpg\" class=\"attachment-thumbnail size-thumbnail\" alt=\"\" srcset=\"https:\/\/www.cordobatimes.com\/deportes\/wp-content\/uploads\/2014\/09\/0011556893-300x300.jpg 300w, https:\/\/www.cordobatimes.com\/deportes\/wp-content\/uploads\/2014\/09\/0011556893-270x270.jpg 270w, https:\/\/www.cordobatimes.com\/deportes\/wp-content\/uploads\/2014\/09\/0011556893-207x207.jpg 207w, https:\/\/www.cordobatimes.com\/deportes\/wp-content\/uploads\/2014\/09\/0011556893-75x75.jpg 75w\" sizes=\"auto, (max-width: 300px) 100vw, 300px\" \/><\/a>\n\t\t\t<\/div><\/figure><figure class='gallery-item'>\n\t\t\t<div class='gallery-icon landscape'>\n\t\t\t\t<a href='https:\/\/www.cordobatimes.com\/deportes\/wp-content\/uploads\/2014\/09\/0011556821.jpg'><img loading=\"lazy\" decoding=\"async\" width=\"300\" height=\"208\" src=\"https:\/\/www.cordobatimes.com\/deportes\/wp-content\/uploads\/2014\/09\/0011556821-300x208.jpg\" class=\"attachment-thumbnail size-thumbnail\" alt=\"\" \/><\/a>\n\t\t\t<\/div><\/figure><figure class='gallery-item'>\n\t\t\t<div class='gallery-icon landscape'>\n\t\t\t\t<a href='https:\/\/www.cordobatimes.com\/deportes\/wp-content\/uploads\/2014\/09\/0011556814.jpg'><img loading=\"lazy\" decoding=\"async\" width=\"300\" height=\"208\" src=\"https:\/\/www.cordobatimes.com\/deportes\/wp-content\/uploads\/2014\/09\/0011556814-300x208.jpg\" class=\"attachment-thumbnail size-thumbnail\" alt=\"\" \/><\/a>\n\t\t\t<\/div><\/figure>\n\t\t<\/div>\n\n","protected":false},"excerpt":{"rendered":"<p>Los hinchas de Estudiantes no dejaron pasar mucho tiempo y, ayer por la noche, subieron en las distintas redes sociales im\u00e1genes y afiches imperdibles contra sus eternos rivales, por la movida previa del brujo enano. &nbsp; Gimnasia le dej\u00f3 servido el gaste a Estudiantes. El \u201cchiste\u201dde la previa caus\u00f3 distintos tipos de reacciones. Algunos se [&hellip;]<\/p>\n","protected":false},"author":20,"featured_media":20394,"comment_status":"open","ping_status":"open","sticky":false,"template":"","format":"standard","meta":{"_seopress_robots_primary_cat":"","_seopress_titles_title":"","_seopress_titles_desc":"","_seopress_robots_index":"","footnotes":""},"categories":[23,2],"tags":[5570,92,773],"class_list":["post-20384","post","type-post","status-publish","format-standard","has-post-thumbnail","hentry","category-copa-sudamericana","category-futbol","tag-copa-sudamericana","tag-estudiantes-lp","tag-gimnasia-lp"],"_links":{"self":[{"href":"https:\/\/www.cordobatimes.com\/deportes\/wp-json\/wp\/v2\/posts\/20384","targetHints":{"allow":["GET"]}}],"collection":[{"href":"https:\/\/www.cordobatimes.com\/deportes\/wp-json\/wp\/v2\/posts"}],"about":[{"href":"https:\/\/www.cordobatimes.com\/deportes\/wp-json\/wp\/v2\/types\/post"}],"author":[{"embeddable":true,"href":"https:\/\/www.cordobatimes.com\/deportes\/wp-json\/wp\/v2\/users\/20"}],"replies":[{"embeddable":true,"href":"https:\/\/www.cordobatimes.com\/deportes\/wp-json\/wp\/v2\/comments?post=20384"}],"version-history":[{"count":0,"href":"https:\/\/www.cordobatimes.com\/deportes\/wp-json\/wp\/v2\/posts\/20384\/revisions"}],"wp:featuredmedia":[{"embeddable":true,"href":"https:\/\/www.cordobatimes.com\/deportes\/wp-json\/wp\/v2\/media\/20394"}],"wp:attachment":[{"href":"https:\/\/www.cordobatimes.com\/deportes\/wp-json\/wp\/v2\/media?parent=20384"}],"wp:term":[{"taxonomy":"category","embeddable":true,"href":"https:\/\/www.cordobatimes.com\/deportes\/wp-json\/wp\/v2\/categories?post=20384"},{"taxonomy":"post_tag","embeddable":true,"href":"https:\/\/www.cordobatimes.com\/deportes\/wp-json\/wp\/v2\/tags?post=20384"}],"curies":[{"name":"wp","href":"https:\/\/api.w.org\/{rel}","templated":true}]}}