{"id":20334,"date":"2014-09-17T12:31:32","date_gmt":"2014-09-17T15:31:32","guid":{"rendered":"http:\/\/www.cordobatimes.com\/deportes\/?p=20334"},"modified":"2014-09-17T12:31:32","modified_gmt":"2014-09-17T15:31:32","slug":"instituto-visita-a-gimnasia-de-jujuy-en-buscando-su-primer-triunfo","status":"publish","type":"post","link":"https:\/\/www.cordobatimes.com\/deportes\/futbol\/2014\/09\/17\/instituto-visita-a-gimnasia-de-jujuy-en-buscando-su-primer-triunfo\/","title":{"rendered":"Instituto visita a Gimnasia de Jujuy en buscando su primer triunfo"},"content":{"rendered":"<p style=\"text-align: center;\"><a href=\"http:\/\/www.cordobatimes.com\/deportes\/wp-content\/uploads\/2014\/09\/Gloria1.jpg\"><img loading=\"lazy\" decoding=\"async\" class=\"size-full wp-image-20345 aligncenter\" alt=\"Gloria\" src=\"http:\/\/www.cordobatimes.com\/deportes\/wp-content\/uploads\/2014\/09\/Gloria1.jpg\" width=\"1024\" height=\"703\" data-id=\"20345\" srcset=\"https:\/\/www.cordobatimes.com\/deportes\/wp-content\/uploads\/2014\/09\/Gloria1.jpg 1024w, https:\/\/www.cordobatimes.com\/deportes\/wp-content\/uploads\/2014\/09\/Gloria1-300x205.jpg 300w\" sizes=\"auto, (max-width: 1024px) 100vw, 1024px\" \/><\/a><\/p>\n<h3 style=\"text-align: justify;\"><b>La Gloria visita, desde las 21, al Lobo juje\u00f1o en b\u00fasqueda de su primer triunfo en lo que va del certamen. Jim\u00e9nez realiza algunos cambios.<\/b><\/h3>\n<p style=\"text-align: justify;\">\n<p style=\"text-align: justify;\">\n<p style=\"text-align: justify;\">Instituto juega hoy, a partir de las 21, en el norte del pa\u00eds ante el duro Gimnasia y Esgrima de Jujuy, por la octava fecha de la Zona A de la B Nacional. El conjunto de Alta C\u00f3rdoba buscar\u00e1 conseguir tres puntos cruciales para sumar confianza y no perderle pisada a los puestos de ascenso. Por su parte, los locales se encuentran segundos por detr\u00e1s de San Mart\u00edn de San Juan y una victoria fortalecer\u00e1 sus esperanzas. Maurio Gianinni ser\u00e1 el encargado de impartir de justicia.<\/p>\n<p style=\"text-align: justify;\">El conjunto comandado por Miliki Jim\u00e9nez se encuentra inmerso en una grave crisis institucional y econ\u00f3mica. En la semana los propios jugadores escribieron una carta dirigida a la comisi\u00f3n directiva y a los hinchas para manifestar su descontento por no cobrar (algunos hace cuatro meses), \u00a0y porque las condiciones de trabajo no son las adecuadas.<\/p>\n<p style=\"text-align: justify;\">Para conseguir un resultado positivo, el DT dispondr\u00e1 el ingreso de Abel Masuero, quien vuelva tras su lesi\u00f3n, e integrar\u00e1 la zaga central junto a Julio Moreyra. De esta manera, el pampeano Dami\u00e1n Schmidt pasar\u00e1 al lateral izquierdo. En el mediocampo, Jim\u00e9nez ubicar\u00e1 a Pablo Soda como volante derecho para acompa\u00f1ar la gesti\u00f3n de juego de Marcos Aguirre y Juan Carlos Maldonado. Arriba estar\u00e1n el \u201cPipi\u201d Garc\u00eda como enganche, y el experimentado Javier Vel\u00e1zquez como \u00fanico punta.<\/p>\n<p style=\"text-align: justify;\">Por su parte, el elenco juje\u00f1o viene de haber perdido el invicto ante Boca Unidos de Corrientes, hecho que le cost\u00f3 la punta de la Zona A.<\/p>\n<p style=\"text-align: justify;\"><strong><span style=\"text-decoration: underline;\">Probables formaciones:<\/span><\/strong><\/p>\n<p style=\"text-align: justify;\"><strong>Gimansia y Esgrima de Jujuy:<\/strong>\u00a0Marcelo Ojeda;\u00a0Diego L\u00f3pez,\u00a0Sebasti\u00e1n S\u00e1nchez,\u00a0H\u00e9ctor Desvaux,\u00a0Marcos S\u00e1nchez;\u00a0Gabriel Sol\u00eds,\u00a0Ra\u00fal Poclaba;\u00a0Gabriel Martinena,\u00a0Sebasti\u00e1n Ereros,\u00a0Luis Peralta;\u00a0Osvaldo Miranda.\u00a0<strong>DT:<\/strong>\u00a0Mario Sciacqua.<\/p>\n<p style=\"text-align: justify;\"><strong>Instituto:<\/strong>\u00a0Rodrigo Barucco;\u00a0Ra\u00fal Damiani,\u00a0Abel Masuero,\u00a0Julio Moreyra,\u00a0Dami\u00e1n Schmidt;\u00a0Pablo Soda,\u00a0Maximiliano Correa,\u00a0Marcos Aguirre,\u00a0Juan Carlos Maldonado;\u00a0Jos\u00e9 Luis Garc\u00eda;\u00a0Javier Vel\u00e1zquez.\u00a0<strong>DT:<\/strong>\u00a0Daniel Jim\u00e9nez<\/p>\n","protected":false},"excerpt":{"rendered":"<p>La Gloria visita, desde las 21, al Lobo juje\u00f1o en b\u00fasqueda de su primer triunfo en lo que va del certamen. Jim\u00e9nez realiza algunos cambios. Instituto juega hoy, a partir de las 21, en el norte del pa\u00eds ante el duro Gimnasia y Esgrima de Jujuy, por la octava fecha de la Zona A de [&hellip;]<\/p>\n","protected":false},"author":15,"featured_media":20345,"comment_status":"open","ping_status":"open","sticky":false,"template":"","format":"standard","meta":{"_seopress_robots_primary_cat":"","_seopress_titles_title":"","_seopress_titles_desc":"","_seopress_robots_index":"","footnotes":""},"categories":[2,17],"tags":[33,34,4046],"class_list":["post-20334","post","type-post","status-publish","format-standard","has-post-thumbnail","hentry","category-futbol","category-nacional-b","tag-afa","tag-b-nacional","tag-instito-gimnasia-de-jujuy"],"_links":{"self":[{"href":"https:\/\/www.cordobatimes.com\/deportes\/wp-json\/wp\/v2\/posts\/20334","targetHints":{"allow":["GET"]}}],"collection":[{"href":"https:\/\/www.cordobatimes.com\/deportes\/wp-json\/wp\/v2\/posts"}],"about":[{"href":"https:\/\/www.cordobatimes.com\/deportes\/wp-json\/wp\/v2\/types\/post"}],"author":[{"embeddable":true,"href":"https:\/\/www.cordobatimes.com\/deportes\/wp-json\/wp\/v2\/users\/15"}],"replies":[{"embeddable":true,"href":"https:\/\/www.cordobatimes.com\/deportes\/wp-json\/wp\/v2\/comments?post=20334"}],"version-history":[{"count":0,"href":"https:\/\/www.cordobatimes.com\/deportes\/wp-json\/wp\/v2\/posts\/20334\/revisions"}],"wp:featuredmedia":[{"embeddable":true,"href":"https:\/\/www.cordobatimes.com\/deportes\/wp-json\/wp\/v2\/media\/20345"}],"wp:attachment":[{"href":"https:\/\/www.cordobatimes.com\/deportes\/wp-json\/wp\/v2\/media?parent=20334"}],"wp:term":[{"taxonomy":"category","embeddable":true,"href":"https:\/\/www.cordobatimes.com\/deportes\/wp-json\/wp\/v2\/categories?post=20334"},{"taxonomy":"post_tag","embeddable":true,"href":"https:\/\/www.cordobatimes.com\/deportes\/wp-json\/wp\/v2\/tags?post=20334"}],"curies":[{"name":"wp","href":"https:\/\/api.w.org\/{rel}","templated":true}]}}