{"id":20307,"date":"2014-09-16T21:43:38","date_gmt":"2014-09-17T00:43:38","guid":{"rendered":"http:\/\/www.cordobatimes.com\/deportes\/?p=20307"},"modified":"2014-09-16T23:09:30","modified_gmt":"2014-09-17T02:09:30","slug":"real-madrid-goleo-5-1-al-fc-basel-en-el-inicio-de-la-champions","status":"publish","type":"post","link":"https:\/\/www.cordobatimes.com\/deportes\/futbol\/2014\/09\/16\/real-madrid-goleo-5-1-al-fc-basel-en-el-inicio-de-la-champions\/","title":{"rendered":"Real Madrid gole\u00f3 5-1 al FC Basel en el inicio de la Champions"},"content":{"rendered":"<p style=\"text-align: center;\"><a href=\"http:\/\/www.cordobatimes.com\/deportes\/wp-content\/uploads\/2014\/09\/uefa-champions-league-2014-15.jpg\"><img loading=\"lazy\" decoding=\"async\" class=\"size-full wp-image-20310 aligncenter\" alt=\"uefa-champions-league-2014-15\" src=\"http:\/\/www.cordobatimes.com\/deportes\/wp-content\/uploads\/2014\/09\/uefa-champions-league-2014-15.jpg\" width=\"611\" height=\"458\" data-id=\"20310\" srcset=\"https:\/\/www.cordobatimes.com\/deportes\/wp-content\/uploads\/2014\/09\/uefa-champions-league-2014-15.jpg 611w, https:\/\/www.cordobatimes.com\/deportes\/wp-content\/uploads\/2014\/09\/uefa-champions-league-2014-15-300x224.jpg 300w\" sizes=\"auto, (max-width: 611px) 100vw, 611px\" \/><\/a><\/p>\n<h3 style=\"text-align: justify;\"><b>Real Madrid \u00a0venci\u00f3 5-1 al FC Basel en el Estadio Santiago Bernab\u00e9u P<\/b><b>or el Grupo B de la Fase de grupos de la UEFA Champions League.\u00a0<\/b><b>Un duelo en el que se vio la mejor versi\u00f3n del equipo blanco en lo que va de la temporada.<\/b><\/h3>\n<p>&nbsp;<\/p>\n<p>El actual campe\u00f3n Real Madrid, dej\u00f3 de lado la peque\u00f1a crisis futbol\u00edstica que ven\u00eda padeciendo, y le gan\u00f3 por goleada al Basel de Suiza por el partido que correspondi\u00f3 a la primera jornada de la UEFA Champions League.<\/p>\n<p>El campe\u00f3n defensor comenz\u00f3 con todo frente a un rival que cont\u00f3 con Walter Samuel de arranque y el ingreso de Mat\u00edas Delgado pero que no pudo hacerle oposici\u00f3n a la potencia del Merengue que, luego de los 10 minutos de haberse iniciado el partido, empez\u00f3 a demostrar su calidad futbol\u00edstica.<\/p>\n<p style=\"text-align: justify;\">Los dirigidos por Carlo Ancelotti marcaron a los 14 minutos del primer tiempo con un gol en contra del checo Marek Suchy.<\/p>\n<p style=\"text-align: justify;\">El encuentro continu\u00f3 con los tantos convertidos por Gareth Bale (30&#8242;), \u00a0Cristiano Ronaldo (31&#8242;) y James Rodr\u00edguez \u00a0(37&#8242;), quien a los 23 a\u00f1os se estren\u00f3 en &#8220;Champions&#8221;.<\/p>\n<p style=\"text-align: justify;\">El descuento para los suizos lo hizo el paraguayo Derlis Gonz\u00e1lez a los 38 minutos de la etapa inicial con un disparo cruzado al que \u00a0Iker Casillas no lleg\u00f3 , mientras que Karim Benzema marc\u00f3 el gol definitivo a los 34&#8242; del complemento.<\/p>\n<p><iframe loading=\"lazy\" src=\"\/\/www.youtube.com\/embed\/G40XIeLVQdg\" height=\"315\" width=\"100%\" allowfullscreen=\"\" frameborder=\"0\"><\/iframe><\/p>\n","protected":false},"excerpt":{"rendered":"<p>Real Madrid \u00a0venci\u00f3 5-1 al FC Basel en el Estadio Santiago Bernab\u00e9u Por el Grupo B de la Fase de grupos de la UEFA Champions League.\u00a0Un duelo en el que se vio la mejor versi\u00f3n del equipo blanco en lo que va de la temporada. &nbsp; El actual campe\u00f3n Real Madrid, dej\u00f3 de lado la [&hellip;]<\/p>\n","protected":false},"author":20,"featured_media":20309,"comment_status":"open","ping_status":"open","sticky":false,"template":"","format":"standard","meta":{"_seopress_robots_primary_cat":"","_seopress_titles_title":"","_seopress_titles_desc":"","_seopress_robots_index":"","footnotes":""},"categories":[2,18],"tags":[4044,185,3299,70,4045],"class_list":["post-20307","post","type-post","status-publish","format-standard","has-post-thumbnail","hentry","category-futbol","category-futbol-internacional","tag-basilea-fc","tag-cristiano-ronaldo","tag-james-rodriguez","tag-real-madrid","tag-uefa-champions-league-2014"],"_links":{"self":[{"href":"https:\/\/www.cordobatimes.com\/deportes\/wp-json\/wp\/v2\/posts\/20307","targetHints":{"allow":["GET"]}}],"collection":[{"href":"https:\/\/www.cordobatimes.com\/deportes\/wp-json\/wp\/v2\/posts"}],"about":[{"href":"https:\/\/www.cordobatimes.com\/deportes\/wp-json\/wp\/v2\/types\/post"}],"author":[{"embeddable":true,"href":"https:\/\/www.cordobatimes.com\/deportes\/wp-json\/wp\/v2\/users\/20"}],"replies":[{"embeddable":true,"href":"https:\/\/www.cordobatimes.com\/deportes\/wp-json\/wp\/v2\/comments?post=20307"}],"version-history":[{"count":0,"href":"https:\/\/www.cordobatimes.com\/deportes\/wp-json\/wp\/v2\/posts\/20307\/revisions"}],"wp:featuredmedia":[{"embeddable":true,"href":"https:\/\/www.cordobatimes.com\/deportes\/wp-json\/wp\/v2\/media\/20309"}],"wp:attachment":[{"href":"https:\/\/www.cordobatimes.com\/deportes\/wp-json\/wp\/v2\/media?parent=20307"}],"wp:term":[{"taxonomy":"category","embeddable":true,"href":"https:\/\/www.cordobatimes.com\/deportes\/wp-json\/wp\/v2\/categories?post=20307"},{"taxonomy":"post_tag","embeddable":true,"href":"https:\/\/www.cordobatimes.com\/deportes\/wp-json\/wp\/v2\/tags?post=20307"}],"curies":[{"name":"wp","href":"https:\/\/api.w.org\/{rel}","templated":true}]}}