{"id":20183,"date":"2014-09-15T19:12:19","date_gmt":"2014-09-15T22:12:19","guid":{"rendered":"http:\/\/www.cordobatimes.com\/deportes\/?p=20183"},"modified":"2014-09-16T00:05:26","modified_gmt":"2014-09-16T03:05:26","slug":"los-pumas-regresaron-al-pais","status":"publish","type":"post","link":"https:\/\/www.cordobatimes.com\/deportes\/polideportivo\/2014\/09\/15\/los-pumas-regresaron-al-pais\/","title":{"rendered":"Los Pumas regresaron al pa\u00eds"},"content":{"rendered":"<p style=\"text-align: center;\"><a href=\"http:\/\/www.cordobatimes.com\/deportes\/wp-content\/uploads\/2014\/09\/rugby.jpg\"><img loading=\"lazy\" decoding=\"async\" class=\"size-full wp-image-20184 aligncenter\" alt=\"rugby\" src=\"http:\/\/www.cordobatimes.com\/deportes\/wp-content\/uploads\/2014\/09\/rugby.jpg\" width=\"799\" height=\"428\" data-id=\"20184\" srcset=\"https:\/\/www.cordobatimes.com\/deportes\/wp-content\/uploads\/2014\/09\/rugby.jpg 799w, https:\/\/www.cordobatimes.com\/deportes\/wp-content\/uploads\/2014\/09\/rugby-300x160.jpg 300w\" sizes=\"auto, (max-width: 799px) 100vw, 799px\" \/><\/a><\/p>\n<p>&nbsp;<\/p>\n<h3 style=\"text-align: justify;\">El equipo argentino, despu\u00e9s de la gira por Ocean\u00eda donde cay\u00f3 ante Nueva Zelanda y Australia por el Rugby Championship, \u00a0arrib\u00f3 a la ciudad de Buenos Aires alrededor de las 16:30hs. Pensando en lo que viene, el \u00a0plantel de Daniel Hourcade \u00a0se reunir\u00e1 nuevamente el domingo 21 de Septiembre.<\/h3>\n<p>&nbsp;<\/p>\n<p style=\"text-align: justify;\">El seleccionado nacional de rugby dej\u00f3 atr\u00e1s la gira por el continente oce\u00e1nico y retornar\u00e1 hoy al pa\u00eds con mucho por hacer. Las ca\u00eddas ante los All Blacks y Wallabies dejaron jugadores con lesiones que est\u00e1n en dudas para estar presentes en el partido ante Nueva Zelanda que se disputar\u00e1 en La Plata.<\/p>\n<p style=\"text-align: justify;\">Daniel Hourcade dar\u00e1 a los Pumas uno d\u00edas libres, hasta el pr\u00f3ximo domingo, para que tomen un descanso, y luego retomar\u00e1n los entrenamientos. Sin embargo, las preocupaciones est\u00e1n a la orden del d\u00eda como el caso de Juan Manuel Leguizam\u00f3n quien, seg\u00fan el m\u00e9dico Guillermo Botto, es el \u201cm\u00e1s complicado\u201d.<\/p>\n<p style=\"text-align: justify;\">El rugbier argentino presenta un probable desgarro muscular en la pierna derecha y ser\u00e1 evaluado una vez en Buenos Aires. M\u00e1s all\u00e1 de los resultados de los estudios, es el primer descartado para el cotejo de La Plata y habr\u00e1 que ver si puede estar en Mendoza.<\/p>\n<p style=\"text-align: justify;\">Mariano Galarza y Juan Mart\u00edn Hern\u00e1ndez son otros dos de los que est\u00e1n en dudas. El segunda l\u00ednea padece un esguince de hombro izquierdo, aunque en los estudios podr\u00eda salir una lesi\u00f3n en el hombro. Por otro lado Hernandez, sufri\u00f3 una contusi\u00f3n en la rodilla pero podr\u00eda llegar sin inconvenientes.<\/p>\n<p style=\"text-align: justify;\">En tanto los rosarinos, Juan Imhoff y Leonardo Senatore, ambos titulares en el \u00faltimo encuentro, estar\u00edan en condiciones de volver a la cancha, todo depende de la confirmaci\u00f3n del Coach. Por \u00faltimo, Jer\u00f3nimo De la Fuente pelear\u00e1 por su plaza con Santiago Gonz\u00e1lez Iglesias en caso de que Hern\u00e1ndez no est\u00e9 disponible.<\/p>\n<p style=\"text-align: justify;\">En medio de las p\u00e1lidas, hay una buena, la vuelta de Tom\u00e1s Lavanini. El jugador fue sancionado tras el golpe a Richie McCaw en el duelo ante Nueva Zelanda y ya cumpli\u00f3 su fecha de suspensi\u00f3n. El segunda l\u00ednea, sino ocurre ning\u00fan imprevisto en los d\u00edas previos, ir\u00e1 de titular.<\/p>\n<p style=\"text-align: justify;\">Los Pumas, con la ilusi\u00f3n de lograr un triunfo en el Rugby Championship, se medir\u00e1n ante los All Blacks el 27 de septiembre desde las 19.40 en La Plata. Luego ser\u00e1 \u00a0ante Australia el 4 de octubre en Mendoza desde las 19.40 para cerrar el certamen.<\/p>\n","protected":false},"excerpt":{"rendered":"<p>&nbsp; El equipo argentino, despu\u00e9s de la gira por Ocean\u00eda donde cay\u00f3 ante Nueva Zelanda y Australia por el Rugby Championship, \u00a0arrib\u00f3 a la ciudad de Buenos Aires alrededor de las 16:30hs. Pensando en lo que viene, el \u00a0plantel de Daniel Hourcade \u00a0se reunir\u00e1 nuevamente el domingo 21 de Septiembre. &nbsp; El seleccionado nacional de [&hellip;]<\/p>\n","protected":false},"author":20,"featured_media":20184,"comment_status":"open","ping_status":"open","sticky":false,"template":"","format":"standard","meta":{"_seopress_robots_primary_cat":"","_seopress_titles_title":"","_seopress_titles_desc":"","_seopress_robots_index":"","footnotes":""},"categories":[6,8],"tags":[4030,662],"class_list":["post-20183","post","type-post","status-publish","format-standard","has-post-thumbnail","hentry","category-polideportivo","category-rugby","tag-gira","tag-los-pumas"],"_links":{"self":[{"href":"https:\/\/www.cordobatimes.com\/deportes\/wp-json\/wp\/v2\/posts\/20183","targetHints":{"allow":["GET"]}}],"collection":[{"href":"https:\/\/www.cordobatimes.com\/deportes\/wp-json\/wp\/v2\/posts"}],"about":[{"href":"https:\/\/www.cordobatimes.com\/deportes\/wp-json\/wp\/v2\/types\/post"}],"author":[{"embeddable":true,"href":"https:\/\/www.cordobatimes.com\/deportes\/wp-json\/wp\/v2\/users\/20"}],"replies":[{"embeddable":true,"href":"https:\/\/www.cordobatimes.com\/deportes\/wp-json\/wp\/v2\/comments?post=20183"}],"version-history":[{"count":0,"href":"https:\/\/www.cordobatimes.com\/deportes\/wp-json\/wp\/v2\/posts\/20183\/revisions"}],"wp:featuredmedia":[{"embeddable":true,"href":"https:\/\/www.cordobatimes.com\/deportes\/wp-json\/wp\/v2\/media\/20184"}],"wp:attachment":[{"href":"https:\/\/www.cordobatimes.com\/deportes\/wp-json\/wp\/v2\/media?parent=20183"}],"wp:term":[{"taxonomy":"category","embeddable":true,"href":"https:\/\/www.cordobatimes.com\/deportes\/wp-json\/wp\/v2\/categories?post=20183"},{"taxonomy":"post_tag","embeddable":true,"href":"https:\/\/www.cordobatimes.com\/deportes\/wp-json\/wp\/v2\/tags?post=20183"}],"curies":[{"name":"wp","href":"https:\/\/api.w.org\/{rel}","templated":true}]}}