{"id":20181,"date":"2014-09-15T19:09:40","date_gmt":"2014-09-15T22:09:40","guid":{"rendered":"http:\/\/www.cordobatimes.com\/deportes\/?p=20181"},"modified":"2014-09-15T19:09:40","modified_gmt":"2014-09-15T22:09:40","slug":"politico-mexicano-trato-de-simio-a-ronaldinho","status":"publish","type":"post","link":"https:\/\/www.cordobatimes.com\/deportes\/futbol-internacional\/2014\/09\/15\/politico-mexicano-trato-de-simio-a-ronaldinho\/","title":{"rendered":"Pol\u00edtico mexicano trat\u00f3 de &#8220;simio&#8221; a Ronaldinho"},"content":{"rendered":"<h3><strong><a href=\"http:\/\/www.cordobatimes.com\/deportes\/wp-content\/uploads\/2014\/09\/Ronaldinho.jpg\"><img loading=\"lazy\" decoding=\"async\" class=\"size-full wp-image-20182 aligncenter\" alt=\"Ronaldinho\" src=\"http:\/\/www.cordobatimes.com\/deportes\/wp-content\/uploads\/2014\/09\/Ronaldinho.jpg\" width=\"624\" height=\"351\" data-id=\"20182\" srcset=\"https:\/\/www.cordobatimes.com\/deportes\/wp-content\/uploads\/2014\/09\/Ronaldinho.jpg 624w, https:\/\/www.cordobatimes.com\/deportes\/wp-content\/uploads\/2014\/09\/Ronaldinho-300x168.jpg 300w\" sizes=\"auto, (max-width: 624px) 100vw, 624px\" \/><\/a><\/strong><\/h3>\n<h3 style=\"text-align: justify;\"><strong>Un integrante del Partido Acci\u00f3n Nacional expres\u00f3 a trav\u00e9s de facebook su malestar por la presentaci\u00f3n del brasile\u00f1o, que gener\u00f3 caos vehicular. Queretaro sali\u00f3 en defensa del 10 y pidi\u00f3 un &#8220;castigo ejemplar&#8221;.<\/strong><\/h3>\n<p style=\"text-align: justify;\">\n<p style=\"text-align: justify;\">&#8220;Trato de ser tolerante, pero detesto el f\u00fatbol y el fen\u00f3meno idiotizante que produce. Lo detesto a\u00fan m\u00e1s porque la gente estorba e inunda las avenidas, y tard\u00e9 dos horas para llegar a casa, y todo para ver a un simio, brasile\u00f1o pero simio aun&#8221;, escribi\u00f3 en la red social Carlos Manuel Trevi\u00f1o N\u00fa\u00f1ez, quien\u00a0ocup\u00f3\u00a0el cargo de Secretario Social en Quer\u00e9taro entre 2006 y 2009. Al ver la repercusi\u00f3n que tuvo, el hombre elimin\u00f3 el comentario de su perfil.<\/p>\n<p style=\"text-align: justify;\">La instituci\u00f3n azteca no tard\u00f3 en tomar cartas en el asunto y comparti\u00f3 el siguiente comunicado:\u00a0&#8220;Despu\u00e9s de la lamentable publicaci\u00f3n realizada por una persona de estatus p\u00fablico, el se\u00f1or Carlos Manuel Trevi\u00f1o N\u00fa\u00f1ez, vertida a trav\u00e9s de las redes sociales insultando a nuestro jugador Ronaldo de Assis Moreira &#8216;Ronaldinho&#8217;, exhortamos a las respectivas autoridades para que tomen cartas en el asunto&#8221;, pidiendo un &#8220;castigo ejemplar&#8221;.<\/p>\n","protected":false},"excerpt":{"rendered":"<p>Un integrante del Partido Acci\u00f3n Nacional expres\u00f3 a trav\u00e9s de facebook su malestar por la presentaci\u00f3n del brasile\u00f1o, que gener\u00f3 caos vehicular. Queretaro sali\u00f3 en defensa del 10 y pidi\u00f3 un &#8220;castigo ejemplar&#8221;. &#8220;Trato de ser tolerante, pero detesto el f\u00fatbol y el fen\u00f3meno idiotizante que produce. Lo detesto a\u00fan m\u00e1s porque la gente estorba [&hellip;]<\/p>\n","protected":false},"author":2,"featured_media":20182,"comment_status":"open","ping_status":"open","sticky":false,"template":"","format":"standard","meta":{"_seopress_robots_primary_cat":"","_seopress_titles_title":"","_seopress_titles_desc":"","_seopress_robots_index":"","footnotes":""},"categories":[18],"tags":[4028,4029,3247,604,4027,4025,4026],"class_list":["post-20181","post","type-post","status-publish","format-standard","has-post-thumbnail","hentry","category-futbol-internacional","tag-carlos-manuel-trevino-nunez","tag-discriminacion","tag-facebook","tag-mexico","tag-partido-accion-popular","tag-queretaro","tag-ronaldinho-tratado-de-simio"],"_links":{"self":[{"href":"https:\/\/www.cordobatimes.com\/deportes\/wp-json\/wp\/v2\/posts\/20181","targetHints":{"allow":["GET"]}}],"collection":[{"href":"https:\/\/www.cordobatimes.com\/deportes\/wp-json\/wp\/v2\/posts"}],"about":[{"href":"https:\/\/www.cordobatimes.com\/deportes\/wp-json\/wp\/v2\/types\/post"}],"author":[{"embeddable":true,"href":"https:\/\/www.cordobatimes.com\/deportes\/wp-json\/wp\/v2\/users\/2"}],"replies":[{"embeddable":true,"href":"https:\/\/www.cordobatimes.com\/deportes\/wp-json\/wp\/v2\/comments?post=20181"}],"version-history":[{"count":0,"href":"https:\/\/www.cordobatimes.com\/deportes\/wp-json\/wp\/v2\/posts\/20181\/revisions"}],"wp:featuredmedia":[{"embeddable":true,"href":"https:\/\/www.cordobatimes.com\/deportes\/wp-json\/wp\/v2\/media\/20182"}],"wp:attachment":[{"href":"https:\/\/www.cordobatimes.com\/deportes\/wp-json\/wp\/v2\/media?parent=20181"}],"wp:term":[{"taxonomy":"category","embeddable":true,"href":"https:\/\/www.cordobatimes.com\/deportes\/wp-json\/wp\/v2\/categories?post=20181"},{"taxonomy":"post_tag","embeddable":true,"href":"https:\/\/www.cordobatimes.com\/deportes\/wp-json\/wp\/v2\/tags?post=20181"}],"curies":[{"name":"wp","href":"https:\/\/api.w.org\/{rel}","templated":true}]}}