{"id":20162,"date":"2014-09-15T18:22:29","date_gmt":"2014-09-15T21:22:29","guid":{"rendered":"http:\/\/www.cordobatimes.com\/deportes\/?p=20162"},"modified":"2014-09-15T18:26:58","modified_gmt":"2014-09-15T21:26:58","slug":"coloccini-dt-del-newcastle","status":"publish","type":"post","link":"https:\/\/www.cordobatimes.com\/deportes\/futbol-internacional\/2014\/09\/15\/coloccini-dt-del-newcastle\/","title":{"rendered":"\u00bfColoccini DT del Newcastle?"},"content":{"rendered":"<h3><strong><a href=\"http:\/\/www.cordobatimes.com\/deportes\/wp-content\/uploads\/2014\/09\/Coloccini.jpg\"><img loading=\"lazy\" decoding=\"async\" class=\"size-full wp-image-20163 aligncenter\" alt=\"Coloccini\" src=\"http:\/\/www.cordobatimes.com\/deportes\/wp-content\/uploads\/2014\/09\/Coloccini.jpg\" width=\"607\" height=\"400\" data-id=\"20163\" srcset=\"https:\/\/www.cordobatimes.com\/deportes\/wp-content\/uploads\/2014\/09\/Coloccini.jpg 607w, https:\/\/www.cordobatimes.com\/deportes\/wp-content\/uploads\/2014\/09\/Coloccini-300x197.jpg 300w\" sizes=\"auto, (max-width: 607px) 100vw, 607px\" \/><\/a><\/strong><\/h3>\n<h3 style=\"text-align: justify;\"><strong>En las \u00faltimas horas corri\u00f3 el rumor que el defensor argentino podr\u00eda ocupar el puesto que actualmente tiene Alan Pardew, a punto de ser despedido por malos resultados. El ex San Lorenzo ser\u00eda &#8220;t\u00e9cnico-jugador&#8221;.<\/strong><\/h3>\n<p>&nbsp;<\/p>\n<p style=\"text-align: justify;\">Fabricio Coloccini, de 32 a\u00f1os y capit\u00e1n de la instituci\u00f3n inglesa, lleva seis a\u00f1os vistiendo los colores negro y blanco. Su ascendencia sobre el plantel, dando arengas y siendo nexo entre sus compa\u00f1eros y los dirigentes, hizo que el due\u00f1o del club, Mike Ashley, piense en \u00e9l para la funci\u00f3n de entrenador.<\/p>\n<p style=\"text-align: justify;\">Newcastle se encuentra actualmente en la \u00faltima posici\u00f3n de la Premier League, lo que hizo que hinchas como tambi\u00e9n prensa y directivos lo cuestionen cada vez en mayor escala. De esta forma, con otro traspi\u00e9, el DT ser\u00eda despedido y el puesto quedar\u00eda vacante.<\/p>\n<p style=\"text-align: justify;\">El cordob\u00e9s, que hasta hoy no realiz\u00f3 declaraciones al respecto, ser\u00eda uno de los candidatos a quedarse con el cargo. Habr\u00e1 que esperar y ver que pasa durante los pr\u00f3ximos d\u00edas para saber si &#8220;Colocha&#8221; ser\u00e1 t\u00e9cnico, seguir\u00e1 de jugador o har\u00e1 una combinaci\u00f3n entre ambas.<\/p>\n","protected":false},"excerpt":{"rendered":"<p>En las \u00faltimas horas corri\u00f3 el rumor que el defensor argentino podr\u00eda ocupar el puesto que actualmente tiene Alan Pardew, a punto de ser despedido por malos resultados. El ex San Lorenzo ser\u00eda &#8220;t\u00e9cnico-jugador&#8221;. &nbsp; Fabricio Coloccini, de 32 a\u00f1os y capit\u00e1n de la instituci\u00f3n inglesa, lleva seis a\u00f1os vistiendo los colores negro y blanco. [&hellip;]<\/p>\n","protected":false},"author":2,"featured_media":20163,"comment_status":"open","ping_status":"open","sticky":false,"template":"","format":"standard","meta":{"_seopress_robots_primary_cat":"","_seopress_titles_title":"","_seopress_titles_desc":"","_seopress_robots_index":"","footnotes":""},"categories":[18],"tags":[4023,161,154],"class_list":["post-20162","post","type-post","status-publish","format-standard","has-post-thumbnail","hentry","category-futbol-internacional","tag-coloccini-dt-del-newcastle","tag-inglaterra","tag-newcastle"],"_links":{"self":[{"href":"https:\/\/www.cordobatimes.com\/deportes\/wp-json\/wp\/v2\/posts\/20162","targetHints":{"allow":["GET"]}}],"collection":[{"href":"https:\/\/www.cordobatimes.com\/deportes\/wp-json\/wp\/v2\/posts"}],"about":[{"href":"https:\/\/www.cordobatimes.com\/deportes\/wp-json\/wp\/v2\/types\/post"}],"author":[{"embeddable":true,"href":"https:\/\/www.cordobatimes.com\/deportes\/wp-json\/wp\/v2\/users\/2"}],"replies":[{"embeddable":true,"href":"https:\/\/www.cordobatimes.com\/deportes\/wp-json\/wp\/v2\/comments?post=20162"}],"version-history":[{"count":0,"href":"https:\/\/www.cordobatimes.com\/deportes\/wp-json\/wp\/v2\/posts\/20162\/revisions"}],"wp:featuredmedia":[{"embeddable":true,"href":"https:\/\/www.cordobatimes.com\/deportes\/wp-json\/wp\/v2\/media\/20163"}],"wp:attachment":[{"href":"https:\/\/www.cordobatimes.com\/deportes\/wp-json\/wp\/v2\/media?parent=20162"}],"wp:term":[{"taxonomy":"category","embeddable":true,"href":"https:\/\/www.cordobatimes.com\/deportes\/wp-json\/wp\/v2\/categories?post=20162"},{"taxonomy":"post_tag","embeddable":true,"href":"https:\/\/www.cordobatimes.com\/deportes\/wp-json\/wp\/v2\/tags?post=20162"}],"curies":[{"name":"wp","href":"https:\/\/api.w.org\/{rel}","templated":true}]}}