{"id":20154,"date":"2014-09-15T17:52:56","date_gmt":"2014-09-15T20:52:56","guid":{"rendered":"http:\/\/www.cordobatimes.com\/deportes\/?p=20154"},"modified":"2014-09-15T17:53:16","modified_gmt":"2014-09-15T20:53:16","slug":"marche-un-curso-de-manejo-para-un-jugador-de-barcelona-video","status":"publish","type":"post","link":"https:\/\/www.cordobatimes.com\/deportes\/futbol-internacional\/2014\/09\/15\/marche-un-curso-de-manejo-para-un-jugador-de-barcelona-video\/","title":{"rendered":"Marche curso de manejo para un jugador de Barcelona (Video)"},"content":{"rendered":"<h3><strong><a href=\"http:\/\/www.cordobatimes.com\/deportes\/wp-content\/uploads\/2014\/09\/Vermaelen.jpg\"><img loading=\"lazy\" decoding=\"async\" class=\"size-full wp-image-20155 aligncenter\" alt=\"Vermaelen\" src=\"http:\/\/www.cordobatimes.com\/deportes\/wp-content\/uploads\/2014\/09\/Vermaelen.jpg\" width=\"620\" height=\"430\" data-id=\"20155\" srcset=\"https:\/\/www.cordobatimes.com\/deportes\/wp-content\/uploads\/2014\/09\/Vermaelen.jpg 620w, https:\/\/www.cordobatimes.com\/deportes\/wp-content\/uploads\/2014\/09\/Vermaelen-300x208.jpg 300w\" sizes=\"auto, (max-width: 620px) 100vw, 620px\" \/><\/a><\/strong><\/h3>\n<h3 style=\"text-align: justify;\"><strong>Thomas Vermaelen, uno de los refuerzos llegados para esta temporada, fue a acompa\u00f1ar al plantel en el duelo frente al Athletic de Bilbao. Lo que no tuvo en cuenta fue que para ingresar deb\u00eda esquivar las vallas, tarea que le result\u00f3 muy dif\u00edcil. Mir\u00e1 las im\u00e1genes.<\/strong><\/h3>\n<p>&nbsp;<\/p>\n<p style=\"text-align: justify;\">Con la pelota, sabe. Con el volante, parece que no tanto. Eso dej\u00f3 en claro el Belga, recientemente arribado a la instituci\u00f3n y que no pod\u00eda jugar el fin de semana debido a una lesi\u00f3n.<\/p>\n<p style=\"text-align: justify;\">El ingreso al Camp Nou fue tarea complicada para el jugador, que debi\u00f3 ser ayudado por los hinchas presentes y hasta encargados de seguridad del club, quienes trataban que el auto aportado por un patrocinador no sufra da\u00f1os.<\/p>\n<p>\u00a0<iframe loading=\"lazy\" src=\"\/\/www.youtube.com\/embed\/GHukD_R4K4A\" height=\"315\" width=\"560\" allowfullscreen=\"\" frameborder=\"0\"><\/iframe><\/p>\n","protected":false},"excerpt":{"rendered":"<p>Thomas Vermaelen, uno de los refuerzos llegados para esta temporada, fue a acompa\u00f1ar al plantel en el duelo frente al Athletic de Bilbao. Lo que no tuvo en cuenta fue que para ingresar deb\u00eda esquivar las vallas, tarea que le result\u00f3 muy dif\u00edcil. Mir\u00e1 las im\u00e1genes. &nbsp; Con la pelota, sabe. Con el volante, parece [&hellip;]<\/p>\n","protected":false},"author":2,"featured_media":20155,"comment_status":"open","ping_status":"open","sticky":false,"template":"","format":"standard","meta":{"_seopress_robots_primary_cat":"","_seopress_titles_title":"","_seopress_titles_desc":"","_seopress_robots_index":"","footnotes":""},"categories":[18],"tags":[67,301,4022,80],"class_list":{"0":"post-20154","1":"post","2":"type-post","3":"status-publish","4":"format-standard","5":"has-post-thumbnail","6":"hentry","7":"category-futbol-internacional","8":"tag-barcelona","10":"tag-thomas-vermaelen-se-lleva-puesta-una-valla","11":"tag-video"},"_links":{"self":[{"href":"https:\/\/www.cordobatimes.com\/deportes\/wp-json\/wp\/v2\/posts\/20154","targetHints":{"allow":["GET"]}}],"collection":[{"href":"https:\/\/www.cordobatimes.com\/deportes\/wp-json\/wp\/v2\/posts"}],"about":[{"href":"https:\/\/www.cordobatimes.com\/deportes\/wp-json\/wp\/v2\/types\/post"}],"author":[{"embeddable":true,"href":"https:\/\/www.cordobatimes.com\/deportes\/wp-json\/wp\/v2\/users\/2"}],"replies":[{"embeddable":true,"href":"https:\/\/www.cordobatimes.com\/deportes\/wp-json\/wp\/v2\/comments?post=20154"}],"version-history":[{"count":0,"href":"https:\/\/www.cordobatimes.com\/deportes\/wp-json\/wp\/v2\/posts\/20154\/revisions"}],"wp:featuredmedia":[{"embeddable":true,"href":"https:\/\/www.cordobatimes.com\/deportes\/wp-json\/wp\/v2\/media\/20155"}],"wp:attachment":[{"href":"https:\/\/www.cordobatimes.com\/deportes\/wp-json\/wp\/v2\/media?parent=20154"}],"wp:term":[{"taxonomy":"category","embeddable":true,"href":"https:\/\/www.cordobatimes.com\/deportes\/wp-json\/wp\/v2\/categories?post=20154"},{"taxonomy":"post_tag","embeddable":true,"href":"https:\/\/www.cordobatimes.com\/deportes\/wp-json\/wp\/v2\/tags?post=20154"}],"curies":[{"name":"wp","href":"https:\/\/api.w.org\/{rel}","templated":true}]}}