{"id":20091,"date":"2014-09-14T18:45:30","date_gmt":"2014-09-14T21:45:30","guid":{"rendered":"http:\/\/www.cordobatimes.com\/deportes\/?p=20091"},"modified":"2014-09-14T18:45:30","modified_gmt":"2014-09-14T21:45:30","slug":"formula-truck-leandro-totti-gano-en-el-oscar-cabalen","status":"publish","type":"post","link":"https:\/\/www.cordobatimes.com\/deportes\/automovilismo\/2014\/09\/14\/formula-truck-leandro-totti-gano-en-el-oscar-cabalen\/","title":{"rendered":"F\u00f3rmula Truck: Leandro Totti gan\u00f3 en el Oscar Cabal\u00e9n"},"content":{"rendered":"<p><a href=\"http:\/\/www.cordobatimes.com\/deportes\/wp-content\/uploads\/2014\/09\/BxgqVDFIcAA7Yeb.jpg\"><img loading=\"lazy\" decoding=\"async\" class=\"aligncenter size-full wp-image-20095\" alt=\"BxgqVDFIcAA7Yeb\" src=\"http:\/\/www.cordobatimes.com\/deportes\/wp-content\/uploads\/2014\/09\/BxgqVDFIcAA7Yeb.jpg\" width=\"600\" height=\"337\" data-id=\"20095\" srcset=\"https:\/\/www.cordobatimes.com\/deportes\/wp-content\/uploads\/2014\/09\/BxgqVDFIcAA7Yeb.jpg 600w, https:\/\/www.cordobatimes.com\/deportes\/wp-content\/uploads\/2014\/09\/BxgqVDFIcAA7Yeb-300x168.jpg 300w\" sizes=\"auto, (max-width: 600px) 100vw, 600px\" \/><\/a><\/p>\n<p><strong>El \u00a0aut\u00f3dromo\u00a0Oscar Cabal\u00e9n\u00a0vivi\u00f3 este domingo una fiesta con la tercera presencia consecutiva de la\u00a0F\u00f3rmula Truck\u00a0, que llegaron a C\u00f3rdoba para disputar la s\u00e9ptima fecha del torneo brasile\u00f1o, la cuarta y \u00faltima del sudamericano y la 200 en el historial de la categor\u00eda.<\/strong><\/p>\n<p>&nbsp;<\/p>\n<p style=\"text-align: justify;\">Ante un p\u00fablico estimado en\u00a0m\u00e1s de 25 mil personas\u00a0y que disfrut\u00f3 del show previo y la carrera estipulada sobre 60,\u00a0Leandro Totti\u00a0(Volkswagen)\u00a0se llev\u00f3 todo.<\/p>\n<p style=\"text-align: justify;\">El piloto que ven\u00eda de ganar cinco de las seis etapas de la temporada, s\u00f3lo debi\u00f3 esperar al tercer giro para superar al l\u00edder inicial, Paulo Salustiano (Mercedes Benz), para comenzar a edificiar una victoria sin sobresaltos. Finalmente fueron 24 vueltas y un neto de 1h00m24s174\/1000 los que llevaron a Totti a la victoria.<\/p>\n<p>&nbsp;<\/p>\n<p><strong>Clasificaci\u00f3n<\/strong><\/p>\n<p><strong>Pos. Piloto Marca Tiempo<\/strong><\/p>\n<p>1\u00b0) 73 Leandro Totti Volkswagen 1h00m24s174\/1000<br \/>\n2\u00b0) 4 Felipe Giaffone MAN a 1s140\/1000<br \/>\n3\u00b0) 3 Geraldo Piquet Mercedes Benz a 1s538\/1000<br \/>\n4\u00b0) 77 Andr\u00e9 M\u00e1rques Volkswagen a 2s148\/1000<br \/>\n5\u00b0) 88 Daniel Dirani Scania a 4s790\/1000<\/p>\n<p><strong>Campeonato Sudamericano:<\/strong>\u00a0Leaandro Totti (Campe\u00f3n), 125 puntos, Geraldo Piquet, 64, Felipe Giaffone, 64, Wellington Cirino, 50.<\/p>\n<p><strong>Campeonato Brasile\u00f1o<\/strong>: Leandro Totti, 183 puntos, Giaffone, 128, Cirino, 104, Piquet, 79<\/p>\n<p>La pr\u00f3xima fecha ser\u00e1 el 12 de octubre en el aut\u00f3dromo de Guapor\u00e9.<\/p>\n<p>&nbsp;<\/p>\n<div id=\"fb-root\"><\/div>\n<p><script type=\"text\/javascript\">\/\/ <![CDATA[\n(function(d, s, id) { var js, fjs = d.getElementsByTagName(s)[0]; if (d.getElementById(id)) return; js = d.createElement(s); js.id = id; js.src = \"\/\/connect.facebook.net\/es_ES\/all.js#xfbml=1\"; fjs.parentNode.insertBefore(js, fjs); }(document, 'script', 'facebook-jssdk'));\n\/\/ ]]><\/script><\/p>\n<div class=\"fb-post\" data-href=\"https:\/\/www.facebook.com\/formulatruckoficial\/photos\/a.351672464876234.84703.350171188359695\/784073381636138\/?type=1\" data-width=\"466\">\n<div class=\"fb-xfbml-parse-ignore\"><a href=\"https:\/\/www.facebook.com\/formulatruckoficial\/photos\/a.351672464876234.84703.350171188359695\/784073381636138\/?type=1\">una publicaci\u00f3n<\/a> de <a href=\"https:\/\/www.facebook.com\/formulatruckoficial\">F\u00f3rmula Truck<\/a>.<\/div>\n<\/div>\n","protected":false},"excerpt":{"rendered":"<p>El \u00a0aut\u00f3dromo\u00a0Oscar Cabal\u00e9n\u00a0vivi\u00f3 este domingo una fiesta con la tercera presencia consecutiva de la\u00a0F\u00f3rmula Truck\u00a0, que llegaron a C\u00f3rdoba para disputar la s\u00e9ptima fecha del torneo brasile\u00f1o, la cuarta y \u00faltima del sudamericano y la 200 en el historial de la categor\u00eda. &nbsp; Ante un p\u00fablico estimado en\u00a0m\u00e1s de 25 mil personas\u00a0y que disfrut\u00f3 del [&hellip;]<\/p>\n","protected":false},"author":1,"featured_media":20096,"comment_status":"open","ping_status":"open","sticky":false,"template":"","format":"standard","meta":{"_seopress_robots_primary_cat":"","_seopress_titles_title":"","_seopress_titles_desc":"","_seopress_robots_index":"","footnotes":""},"categories":[1],"tags":[169,3973,4006],"class_list":["post-20091","post","type-post","status-publish","format-standard","has-post-thumbnail","hentry","category-automovilismo","tag-cordoba","tag-formula-truck","tag-leandro-totti"],"_links":{"self":[{"href":"https:\/\/www.cordobatimes.com\/deportes\/wp-json\/wp\/v2\/posts\/20091","targetHints":{"allow":["GET"]}}],"collection":[{"href":"https:\/\/www.cordobatimes.com\/deportes\/wp-json\/wp\/v2\/posts"}],"about":[{"href":"https:\/\/www.cordobatimes.com\/deportes\/wp-json\/wp\/v2\/types\/post"}],"author":[{"embeddable":true,"href":"https:\/\/www.cordobatimes.com\/deportes\/wp-json\/wp\/v2\/users\/1"}],"replies":[{"embeddable":true,"href":"https:\/\/www.cordobatimes.com\/deportes\/wp-json\/wp\/v2\/comments?post=20091"}],"version-history":[{"count":0,"href":"https:\/\/www.cordobatimes.com\/deportes\/wp-json\/wp\/v2\/posts\/20091\/revisions"}],"wp:featuredmedia":[{"embeddable":true,"href":"https:\/\/www.cordobatimes.com\/deportes\/wp-json\/wp\/v2\/media\/20096"}],"wp:attachment":[{"href":"https:\/\/www.cordobatimes.com\/deportes\/wp-json\/wp\/v2\/media?parent=20091"}],"wp:term":[{"taxonomy":"category","embeddable":true,"href":"https:\/\/www.cordobatimes.com\/deportes\/wp-json\/wp\/v2\/categories?post=20091"},{"taxonomy":"post_tag","embeddable":true,"href":"https:\/\/www.cordobatimes.com\/deportes\/wp-json\/wp\/v2\/tags?post=20091"}],"curies":[{"name":"wp","href":"https:\/\/api.w.org\/{rel}","templated":true}]}}