{"id":20081,"date":"2014-09-14T18:18:29","date_gmt":"2014-09-14T21:18:29","guid":{"rendered":"http:\/\/www.cordobatimes.com\/deportes\/?p=20081"},"modified":"2014-09-14T18:18:29","modified_gmt":"2014-09-14T21:18:29","slug":"belgrano-le-gano-a-velez-y-logro-su-segunda-victoria-del-campeonato","status":"publish","type":"post","link":"https:\/\/www.cordobatimes.com\/deportes\/futbol\/2014\/09\/14\/belgrano-le-gano-a-velez-y-logro-su-segunda-victoria-del-campeonato\/","title":{"rendered":"Belgrano le gan\u00f3 a V\u00e9lez y logr\u00f3 su segunda victoria del campeonato"},"content":{"rendered":"<h3 style=\"text-align: justify;\"><strong><a href=\"http:\/\/www.cordobatimes.com\/deportes\/wp-content\/uploads\/2014\/09\/zelarrayan.png\"><img loading=\"lazy\" decoding=\"async\" class=\"alignnone size-full wp-image-20084\" style=\"margin: 5px;\" alt=\"zelarrayan\" src=\"http:\/\/www.cordobatimes.com\/deportes\/wp-content\/uploads\/2014\/09\/zelarrayan.png\" width=\"698\" height=\"450\" data-id=\"20084\" srcset=\"https:\/\/www.cordobatimes.com\/deportes\/wp-content\/uploads\/2014\/09\/zelarrayan.png 698w, https:\/\/www.cordobatimes.com\/deportes\/wp-content\/uploads\/2014\/09\/zelarrayan-300x193.png 300w\" sizes=\"auto, (max-width: 698px) 100vw, 698px\" \/><\/a>El &#8220;Pirata&#8221; derrot\u00f3 al &#8220;Fort\u00edn&#8221; por 1 a 0 en estadio Mario Kempes y empieza a despegarse del fondo de la tabla. El \u00fanico gol del encuentro lo marc\u00f3 Lucas Zelarray\u00e1n, a los 13 minutos del primer tiempo.<\/strong><\/h3>\n<p>&nbsp;<\/p>\n<p><iframe loading=\"lazy\" src=\"\/\/www.youtube.com\/embed\/ezpplHAaJhY\" height=\"315\" width=\"100%\" allowfullscreen=\"\" frameborder=\"0\"><\/iframe><\/p>\n<p><iframe loading=\"lazy\" src=\"http:\/\/cdntx.lanacion.com.ar\/deportes\/html\/v3\/module.html?channel=deportes.futbol.primeraa.200909&amp;lang=es_LA&amp;module=lineUpFull\" height=\"1000\" width=\"620\" frameborder=\"\" scrolling=\"auto\"><\/iframe><\/p>\n","protected":false},"excerpt":{"rendered":"<p>El &#8220;Pirata&#8221; derrot\u00f3 al &#8220;Fort\u00edn&#8221; por 1 a 0 en estadio Mario Kempes y empieza a despegarse del fondo de la tabla. El \u00fanico gol del encuentro lo marc\u00f3 Lucas Zelarray\u00e1n, a los 13 minutos del primer tiempo. &nbsp;<\/p>\n","protected":false},"author":5,"featured_media":20084,"comment_status":"open","ping_status":"open","sticky":false,"template":"","format":"standard","meta":{"_seopress_robots_primary_cat":"","_seopress_titles_title":"","_seopress_titles_desc":"","_seopress_robots_index":"","footnotes":""},"categories":[2],"tags":[33,37,4004,3150,214],"class_list":["post-20081","post","type-post","status-publish","format-standard","has-post-thumbnail","hentry","category-futbol","tag-afa","tag-belgrano","tag-lucas-zelarrayan","tag-torneo-de-transicion","tag-velez"],"_links":{"self":[{"href":"https:\/\/www.cordobatimes.com\/deportes\/wp-json\/wp\/v2\/posts\/20081","targetHints":{"allow":["GET"]}}],"collection":[{"href":"https:\/\/www.cordobatimes.com\/deportes\/wp-json\/wp\/v2\/posts"}],"about":[{"href":"https:\/\/www.cordobatimes.com\/deportes\/wp-json\/wp\/v2\/types\/post"}],"author":[{"embeddable":true,"href":"https:\/\/www.cordobatimes.com\/deportes\/wp-json\/wp\/v2\/users\/5"}],"replies":[{"embeddable":true,"href":"https:\/\/www.cordobatimes.com\/deportes\/wp-json\/wp\/v2\/comments?post=20081"}],"version-history":[{"count":0,"href":"https:\/\/www.cordobatimes.com\/deportes\/wp-json\/wp\/v2\/posts\/20081\/revisions"}],"wp:featuredmedia":[{"embeddable":true,"href":"https:\/\/www.cordobatimes.com\/deportes\/wp-json\/wp\/v2\/media\/20084"}],"wp:attachment":[{"href":"https:\/\/www.cordobatimes.com\/deportes\/wp-json\/wp\/v2\/media?parent=20081"}],"wp:term":[{"taxonomy":"category","embeddable":true,"href":"https:\/\/www.cordobatimes.com\/deportes\/wp-json\/wp\/v2\/categories?post=20081"},{"taxonomy":"post_tag","embeddable":true,"href":"https:\/\/www.cordobatimes.com\/deportes\/wp-json\/wp\/v2\/tags?post=20081"}],"curies":[{"name":"wp","href":"https:\/\/api.w.org\/{rel}","templated":true}]}}