{"id":20066,"date":"2014-09-14T17:27:38","date_gmt":"2014-09-14T20:27:38","guid":{"rendered":"http:\/\/www.cordobatimes.com\/deportes\/?p=20066"},"modified":"2014-09-14T17:27:38","modified_gmt":"2014-09-14T20:27:38","slug":"el-clasico-del-sur-fue-para-lanus","status":"publish","type":"post","link":"https:\/\/www.cordobatimes.com\/deportes\/futbol\/2014\/09\/14\/el-clasico-del-sur-fue-para-lanus\/","title":{"rendered":"El cl\u00e1sico del Sur fue para Lan\u00fas"},"content":{"rendered":"<h3 style=\"text-align: justify;\"><strong><a href=\"http:\/\/www.cordobatimes.com\/deportes\/wp-content\/uploads\/2014\/09\/romero.jpg\"><img loading=\"lazy\" decoding=\"async\" class=\"alignnone size-full wp-image-20069\" style=\"margin: 5px;\" alt=\"romero\" src=\"http:\/\/www.cordobatimes.com\/deportes\/wp-content\/uploads\/2014\/09\/romero.jpg\" width=\"1099\" height=\"618\" data-id=\"20069\" srcset=\"https:\/\/www.cordobatimes.com\/deportes\/wp-content\/uploads\/2014\/09\/romero.jpg 1099w, https:\/\/www.cordobatimes.com\/deportes\/wp-content\/uploads\/2014\/09\/romero-300x168.jpg 300w, https:\/\/www.cordobatimes.com\/deportes\/wp-content\/uploads\/2014\/09\/romero-1024x575.jpg 1024w\" sizes=\"auto, (max-width: 1099px) 100vw, 1099px\" \/><\/a>Con gol del cordob\u00e9s Silvio Romero, el &#8220;Granate&#8221; se impuso por 1 a 0 ante Banfield. El &#8220;Taladro&#8221; termin\u00f3 con 9 por las expulsiones de Yeri y Tagliafico. Mir\u00e1 el tanto de la victoria.<\/strong><\/h3>\n<p>&nbsp;<\/p>\n<p><iframe loading=\"lazy\" src=\"\/\/www.youtube.com\/embed\/Ow2eEHyGkMc?list=PLCMRXW5xza9WEyW79c4WVv30HClVvyVFh\" height=\"315\" width=\"100%\" allowfullscreen=\"\" frameborder=\"0\"><\/iframe><\/p>\n","protected":false},"excerpt":{"rendered":"<p>Con gol del cordob\u00e9s Silvio Romero, el &#8220;Granate&#8221; se impuso por 1 a 0 ante Banfield. El &#8220;Taladro&#8221; termin\u00f3 con 9 por las expulsiones de Yeri y Tagliafico. Mir\u00e1 el tanto de la victoria. &nbsp;<\/p>\n","protected":false},"author":5,"featured_media":20069,"comment_status":"open","ping_status":"open","sticky":false,"template":"","format":"standard","meta":{"_seopress_robots_primary_cat":"","_seopress_titles_title":"","_seopress_titles_desc":"","_seopress_robots_index":"","footnotes":""},"categories":[2],"tags":[33,358,68,73,3150],"class_list":["post-20066","post","type-post","status-publish","format-standard","has-post-thumbnail","hentry","category-futbol","tag-afa","tag-banfield","tag-clasico","tag-lanus","tag-torneo-de-transicion"],"_links":{"self":[{"href":"https:\/\/www.cordobatimes.com\/deportes\/wp-json\/wp\/v2\/posts\/20066","targetHints":{"allow":["GET"]}}],"collection":[{"href":"https:\/\/www.cordobatimes.com\/deportes\/wp-json\/wp\/v2\/posts"}],"about":[{"href":"https:\/\/www.cordobatimes.com\/deportes\/wp-json\/wp\/v2\/types\/post"}],"author":[{"embeddable":true,"href":"https:\/\/www.cordobatimes.com\/deportes\/wp-json\/wp\/v2\/users\/5"}],"replies":[{"embeddable":true,"href":"https:\/\/www.cordobatimes.com\/deportes\/wp-json\/wp\/v2\/comments?post=20066"}],"version-history":[{"count":0,"href":"https:\/\/www.cordobatimes.com\/deportes\/wp-json\/wp\/v2\/posts\/20066\/revisions"}],"wp:featuredmedia":[{"embeddable":true,"href":"https:\/\/www.cordobatimes.com\/deportes\/wp-json\/wp\/v2\/media\/20069"}],"wp:attachment":[{"href":"https:\/\/www.cordobatimes.com\/deportes\/wp-json\/wp\/v2\/media?parent=20066"}],"wp:term":[{"taxonomy":"category","embeddable":true,"href":"https:\/\/www.cordobatimes.com\/deportes\/wp-json\/wp\/v2\/categories?post=20066"},{"taxonomy":"post_tag","embeddable":true,"href":"https:\/\/www.cordobatimes.com\/deportes\/wp-json\/wp\/v2\/tags?post=20066"}],"curies":[{"name":"wp","href":"https:\/\/api.w.org\/{rel}","templated":true}]}}